{"id":1061,"date":"2019-04-05T21:08:30","date_gmt":"2019-04-05T21:08:30","guid":{"rendered":"http:\/\/klimaandmore.de\/?p=1061"},"modified":"2019-12-08T15:29:34","modified_gmt":"2019-12-08T15:29:34","slug":"mikroplastik-die-fast-unsichtbare-gefahr","status":"publish","type":"post","link":"https:\/\/klimaandmore.de\/?p=1061","title":{"rendered":"Mikroplastik \u2013 die fast unsichtbare Gefahr"},"content":{"rendered":"\n<p>Heute wollen wir uns mal das <strong>Mikroplastik<\/strong> \u2013 im wahrsten Sinne des Wortes \u2013 unter die Lupe nehmen&#8230;<\/p>\n\n\n\n<!--more-->\n\n\n\n<p>Was ist eigentlich Mikroplastik? Der Name deutet es schon an, es handelt sich um sehr kleine Plastikpartikel. Bei Partikeln in einer Gr\u00f6\u00dfe von 1-5 mm spricht man h\u00e4ufig von gro\u00dfem Mikroplastik, bei Partikeln, die kleiner als 1 mm sind, wird von kleinem Mikroplastik gesprochen. Der Einfachheit halber nutzen wir hier den Begriff \u201eMikroplastik\u201c f\u00fcr beide Gruppen.<\/p>\n\n\n\n<p>Im Prinzip l\u00e4sst sich Mikroplastik einteilen in sogenanntes prim\u00e4res Mikroplastik einerseits und sekund\u00e4res Mikroplastik andererseits. Das&nbsp;<strong>prim\u00e4re Mikroplastik<\/strong>wurde extra in dieser Form kleinster Partikel hergestellt und befindet sich beispielweise in manchen Kosmetikartikeln wie diversen Zahnpasten oder Duschpeelings. Der BUND gibt einen <a href=\"https:\/\/www.bund.net\/fileadmin\/user_upload_bund\/publikationen\/meere\/meere_mikroplastik_einkaufsfuehrer.pdf\">Einkaufsf\u00fchrer Mikroplastik<\/a> heraus, in dem Produkte gelistet sind, die Mikroplastik enthalten. Nach kurzem Gebrauch dieser Produkte gelangen die darin enthaltenen Mikroplastikpartikel in die Abw\u00e4sser. In den Kl\u00e4ranlagen werden diese Partikel im Kl\u00e4rschlamm angereichert oder gelangen in die Gew\u00e4sser, weil sie teilweise nicht filtrierbar sind. Das bedeutet, dass sie nicht aus dem Abwasser herausgefiltert werden k\u00f6nnen. Untersuchungen des <a href=\"https:\/\/www.umweltbundesamt.de\/sites\/default\/files\/medien\/378\/publikationen\/texte_63_2015_quellen_fuer_mikroplastik_mit_relevanz_fuer_den_meeresschutz_1.pdf\">Umweltbundesamtes<\/a> haben gezeigt, dass auf diese Weise letztlich ca. 500 Tonnen Mikroplastik j\u00e4hrlich in die Umwelt gelangen. Auch Wasch- und Reinigungsmittel k\u00f6nnen Mikroplastik enthalten. Von diesen gelangen bis zu 100 weitere Tonnen Mikroplastik pro Jahr in die Umwelt.<\/p>\n\n\n\n<p>Das <strong>sekund\u00e4re Mikroplastik <\/strong>entsteht durch Zersetzung oder Abrieb von Plastik. Was meint Ihr, welches die Hauptquelle von sekund\u00e4rem Mikroplastik ist? Genau, wieder einmal des Deutschen liebstes Kind, das Automobil. Und zwar entstehen alleine durch den Reifenabrieb in Deutschland zwischen 60.000 und 111.000 Tonnen <a href=\"https:\/\/www.umweltbundesamt.de\/sites\/default\/files\/medien\/378\/publikationen\/texte_63_2015_quellen_fuer_mikroplastik_mit_relevanz_fuer_den_meeresschutz_1.pdf\">Mikropartikel<\/a> j\u00e4hrlich. Eine andere wichtige Quelle ist der Verlust von Pellets in der Verarbeitung von Kunststoffen (21.000 bis 210.000 Tonnen j\u00e4hrlich). Auch das Waschen von Kleidungsst\u00fccken mit Chemiefasern (z.B. Fleecepullis) f\u00e4llt Mikroplastik an (80 bis 400 Tonnen pro Jahr). Weltweit sind auch Plastikprodukte (Plastikt\u00fcten, Plastikbecher, Fischereinetze etc.), die in die Umwelt gelangen, eine wichtige Quelle. Das Mikroplastik entsteht hier im Rahmen des jahrelangen Zerfallsprozesses durch Sonneneinstrahlung und mechanischen Abrieb. Das hei\u00dft aber auch: Nur weil sich die gro\u00dfen Plastikteile zersetzt haben und damit nahezu unsichtbar geworden sind, sind sie deswegen noch lange nicht verschwunden.<\/p>\n\n\n\n<figure class=\"wp-block-image\"><img decoding=\"async\" loading=\"lazy\" width=\"1024\" height=\"540\" src=\"https:\/\/klimaandmore.de\/wp-content\/uploads\/2019\/04\/Mikro-1024x540.png\" alt=\"\" class=\"wp-image-1063\" srcset=\"https:\/\/klimaandmore.de\/wp-content\/uploads\/2019\/04\/Mikro-1024x540.png 1024w, https:\/\/klimaandmore.de\/wp-content\/uploads\/2019\/04\/Mikro-300x158.png 300w, https:\/\/klimaandmore.de\/wp-content\/uploads\/2019\/04\/Mikro-768x405.png 768w\" sizes=\"(max-width: 767px) 89vw, (max-width: 1000px) 54vw, (max-width: 1071px) 543px, 580px\" \/><figcaption>Eine blaue Plastikt\u00fcte im Zerfallprozess zu Mikroplastik auf einem Feld. <\/figcaption><\/figure>\n\n\n\n<p>Was macht das Mikroplastik in Gew\u00e4ssern, im Meer aber auch auf landwirtschaftlich genutzten Fl\u00e4chen eigentlich so&nbsp;<strong>gef\u00e4hrlich<\/strong>?<\/p>\n\n\n\n<p>Einerseits werden aus Mikroplastikpartikeln chemische Substanzen wie Weichmacher aus dem Plastik freigesetzt und gelangen so in die Umwelt. Andererseits, ziehen Mikroplastikpartikel Umweltgifte wie Insektizide (DDT, Dichlordiphenyltrichlorethan) oder andere Giftstoffe wie PCBs (Polychlorierte Biphenyle) an und sammeln diese damit quasi an. Die Sache wird jetzt dadurch gef\u00e4hrlich, dass Tiere diese Mikroplastikpartikel im Rahmen der Nahrungssuche aufnehmen und damit auch die Giftstoffe in den K\u00f6rper dieser Tiere gelangt. Bei diesen Tieren handelt es sich um z.B. Plankton, Filtrierer wie Muscheln und Korallen, oder kleine Fische, die ihrerseits von Fischen (erst die kleinen, dann die gro\u00dfen) aufgenommen werden. Am Ende der Nahrungskette gelangen diese Giftstoffe dann auch auf unseren Teller. Auch gr\u00f6\u00dfere Tiere nehmen gr\u00f6\u00dfere Plastikpartikel direkt auf, aber das ist dann einen weiteren Bericht wert.&nbsp;<\/p>\n\n\n\n<p><strong>Fazit f\u00fcr uns: <\/strong>Nicht nur Plastik vermeiden (wir haben dar\u00fcber berichtet), sondern auch gezielt auf das Mikroplastik in Produkten achten. Wir kaufen keine K\u00f6rperpflegeprodukte mehr, die Mikroplastik enthalten. Da diese meist auch in Plastik verpackt sind, haben wir auch gleich den <a href=\"https:\/\/klimaandmore.de\/?p=820\">Plastikm\u00fcll reduziert<\/a>. Bei Produkten, die wir schon haben wie beispielsweise Fleecepullis, achten wir auf einen sorgsamen Umgang (z.B. den Fleecepulli nur dann Waschen, wenn es auch wirklich n\u00f6tig ist&#8230;).  Das Autofahren haben wir im Zuge unserer Bem\u00fchungen zur CO<sub>2<\/sub>Reduktion ja eh schon minimiert und der Abrieb der Fahrradreifen ist im Vergleich zu dem der Autoreifen verschwindend gering.&nbsp;<\/p>\n","protected":false},"excerpt":{"rendered":"<p>Heute wollen wir uns mal das Mikroplastik \u2013 im wahrsten Sinne des Wortes \u2013 unter die Lupe nehmen&#8230;<\/p>\n","protected":false},"author":5,"featured_media":0,"comment_status":"closed","ping_status":"closed","sticky":false,"template":"","format":"standard","meta":{"spay_email":"","jetpack_publicize_message":"","jetpack_is_tweetstorm":false,"jetpack_publicize_feature_enabled":true},"categories":[2],"tags":[],"jetpack_featured_media_url":"","jetpack_publicize_connections":[],"jetpack_sharing_enabled":true,"jetpack_shortlink":"https:\/\/wp.me\/paMwRu-h7","_links":{"self":[{"href":"https:\/\/klimaandmore.de\/index.php?rest_route=\/wp\/v2\/posts\/1061"}],"collection":[{"href":"https:\/\/klimaandmore.de\/index.php?rest_route=\/wp\/v2\/posts"}],"about":[{"href":"https:\/\/klimaandmore.de\/index.php?rest_route=\/wp\/v2\/types\/post"}],"author":[{"embeddable":true,"href":"https:\/\/klimaandmore.de\/index.php?rest_route=\/wp\/v2\/users\/5"}],"replies":[{"embeddable":true,"href":"https:\/\/klimaandmore.de\/index.php?rest_route=%2Fwp%2Fv2%2Fcomments&post=1061"}],"version-history":[{"count":6,"href":"https:\/\/klimaandmore.de\/index.php?rest_route=\/wp\/v2\/posts\/1061\/revisions"}],"predecessor-version":[{"id":1075,"href":"https:\/\/klimaandmore.de\/index.php?rest_route=\/wp\/v2\/posts\/1061\/revisions\/1075"}],"wp:attachment":[{"href":"https:\/\/klimaandmore.de\/index.php?rest_route=%2Fwp%2Fv2%2Fmedia&parent=1061"}],"wp:term":[{"taxonomy":"category","embeddable":true,"href":"https:\/\/klimaandmore.de\/index.php?rest_route=%2Fwp%2Fv2%2Fcategories&post=1061"},{"taxonomy":"post_tag","embeddable":true,"href":"https:\/\/klimaandmore.de\/index.php?rest_route=%2Fwp%2Fv2%2Ftags&post=1061"}],"curies":[{"name":"wp","href":"https:\/\/api.w.org\/{rel}","templated":true}]}}