{"id":1236,"date":"2019-04-21T11:06:16","date_gmt":"2019-04-21T11:06:16","guid":{"rendered":"http:\/\/klimaandmore.de\/?p=1236"},"modified":"2019-11-25T12:27:11","modified_gmt":"2019-11-25T12:27:11","slug":"unsere-kleinen-freunde-die-insekten","status":"publish","type":"post","link":"https:\/\/klimaandmore.de\/?p=1236","title":{"rendered":"Unsere kleinen Freunde, die Insekten"},"content":{"rendered":"\n<p>Ein Thema, welches derzeit immer wieder in den Medien diskutiert wird, ist das&nbsp;<strong>Artensterben<\/strong>  und der Schwund an Biodiversit\u00e4t. Hierunter fallen nat\u00fcrlich auch die Insekten. In diesem Zusammenhang steht auch das Volksbegehren \u201eRettet die Bienen!\u201c in Bayern Anfang des Jahres 2019, welchem sich sehr viele Menschen angeschlossen haben. Was ist eigentlich dran am Artensterben und was kann jeder Einzelne von uns dagegen unternehmen? Mit diesen Themen wollen wir uns heute besch\u00e4ftigen&#8230;<\/p>\n\n\n\n<figure class=\"wp-block-image\"><img decoding=\"async\" loading=\"lazy\" width=\"685\" height=\"284\" src=\"https:\/\/klimaandmore.de\/wp-content\/uploads\/2019\/04\/Insekten.png\" alt=\"\" class=\"wp-image-1238\" srcset=\"https:\/\/klimaandmore.de\/wp-content\/uploads\/2019\/04\/Insekten.png 685w, https:\/\/klimaandmore.de\/wp-content\/uploads\/2019\/04\/Insekten-300x124.png 300w\" sizes=\"(max-width: 685px) 100vw, 685px\" \/><\/figure>\n\n\n\n<!--more-->\n\n\n\n<p>Warum sind Insekten eigentlich so wichtig f\u00fcr uns und warum sollten wir uns um dieses Thema k\u00fcmmern? Neben der Tatsache, dass sie einfach nur toll aussehen, erf\u00fcllen die Insekten f\u00fcr uns eine&nbsp;<strong>lebenswichtige Aufgabe<\/strong>. Sie stellen wichtige Best\u00e4uber f\u00fcr unsere Nutzpflanzen wie Obst-, Gem\u00fcse- und Futterpflanzen dar. Demnach sind bestimmte Pflanzen auf bestimmte Insekten angewiesen, aber auch umgekehrt. Fehlen bestimmte Pflanzen, gibt es bestimmte Insekten nicht mehr, fehlen bestimmte Insekten, werden machen Pflanzen nicht mehr best\u00e4ubt und sterben ebenfalls aus. Weiterhin sind Insekten enorm wichtig f\u00fcr den Abbau von Biomasse (Kompost, Bl\u00e4tter, Altholz), so dass sie als N\u00e4hrstoffe wieder in den Kreislauf zur\u00fcckgef\u00fchrt werden k\u00f6nnen. Auch f\u00fcr die Nahrungskette spielen sie eine wichtige Rolle, da sie als Nahrung f\u00fcr gr\u00f6\u00dfere Tiere wie V\u00f6gel, Amphibien und Fische dienen. Ein R\u00fcckgang der Insekten hat also unmittelbare Folgen f\u00fcr uns und unsere Umwelt, da sie einen wichtigen Part im gesamten \u00d6kosystem \u00fcbernehmen. <\/p>\n\n\n\n<p>Um die&nbsp;<strong>Hintergr\u00fcnde zum Insektensterben<\/strong>  wissenschaftlich aufzuarbeiten, haben sich zwei Wissenschaftler die M\u00fche gemacht, 73 Studien n\u00e4her zu analysieren und diese Erkenntnisse in einem <a href=\"https:\/\/www.sciencedirect.com\/science\/article\/pii\/S0006320718313636\">Artikel<\/a> zusammenzufassen. In diesem erl\u00e4utern sie, dass weltweit die Populationen von 40% aller Insektenarten geschrumpft sind, ein Drittel davon ist sogar vom Aussterben bedroht. In die gro\u00dfe Gruppe der Insekten geh\u00f6ren Schmetterlinge, K\u00e4fer und Hautfl\u00fcgler wie Bienen oder auch Libellen und Eintagsfliegen. Eine andere <a href=\"https:\/\/journals.plos.org\/plosone\/article?id=10.1371\/journal.pone.0185809\">Studie<\/a> hat gezeigt, dass die Insektenbiomasse in den untersuchten deutschen Schutzgebieten \u00fcber einen Zeitraum von 27 Jahren um 75% zur\u00fcckgegangen ist. Alles in allem alarmierende Zahlen!<\/p>\n\n\n\n<p>Doch was sind eigentlich die&nbsp;<strong>Gr\u00fcnde f\u00fcr dieses massive Aussterben<\/strong>? Der wichtigste Grund ist der Verlust an Lebensraum, wobei hier zwei Aspekte zu betrachten sind. Erstens ist die vermehrte landwirtschaftliche Nutzung zu nennen. Durch die Flurbereinigung vor 30 bis 50 Jahren sind viele Graswege, Heckenstreifen und andere Kleinbiotope durch Maschinen wegrationalisiert worden. Zweitens ist der Ausbau unserer Wohnfl\u00e4chen (Urbanisierung) aufzuf\u00fchren. In Teilen der Landwirtschaft ist dar\u00fcber hinaus der massive Einsatz von Pflanzenschutzmitteln wie Pestizide und synthetische D\u00fcngemittel als Ursache zu nennen. Durch den Einsatz gro\u00dfer Maschinen wie M\u00e4hmaschinen, Mulchger\u00e4te und Kreiselm\u00e4hwerke werden Insekten und auch die Raupen, Puppen und Eier zus\u00e4tzliche klein geschreddert. Auch der Klimawandel inklusive der Erderw\u00e4rmung tr\u00e4gt hierzulande zum R\u00fcckgang der Insekten bei. Einen weiteren Grund hatten wir in einem vorangehen den Artikel schon aufgef\u00fchrt, die <a href=\"https:\/\/klimaandmore.de\/?p=726\">Lichtverschmutzung<\/a>.<\/p>\n\n\n\n<p>Wie k\u00f6nnen wir auf pers\u00f6nlicher Ebene dem Insektensterben entgegenwirken? Neben den politischen Bem\u00fchungen, im landwirtschaftlichen Bereich Anreize gegen das Insektensterben zu schaffen (Stichwort: Bl\u00fchstreifen), k\u00f6nnen auch wir ganz pers\u00f6nlich einen Beitrag leisten \u2013 sei es durch den Kauf von Produkten aus einer nachhaltigen Landwirtschaf oder durch eigene Aktivit\u00e4ten. Hierzu braucht es nur einen Balkon oder einen Garten \u2013 umso gr\u00f6\u00dfer, desto besser nat\u00fcrlich. In diesem Beitrag wollen wir uns auf eine&nbsp;<strong>\u00f6kologische Gartengestaltung<\/strong>  konzentrieren.&nbsp;<\/p>\n\n\n\n<p>Zun\u00e4chst einmal sollten wir bei der Planung des Gartens&nbsp;<strong>einheimische Pflanzen<\/strong>  bevorzugen. Dies gilt f\u00fcr alle Pflanzen, sei es der Baum, der Strauch oder auch Blumen und Stauden. Der Vorteil ist, dass einheimische Pflanzen an unsere klimatischen Bedingungen angepasst sind. Weiterhin werden zu gro\u00dfen Teilen nur die einheimischen Pflanzen von unseren Insekten als Nahrungsquelle aufgesucht. Als wir unseren Garten vor ein paar Jahre angelegt haben, haben wir darauf leider nur bedingt geachtet und nun stehen auch ein paar nicht einheimische Pflanzen in unserem Garten. Auch der in vielen G\u00e4rten gepflegte&nbsp;<strong>englische Rasen<\/strong>  bringt unseren Insekten rein gar nichts und stellt in dieser Hinsicht einfach nur eine ungenutzte Fl\u00e4che dar.&nbsp;<\/p>\n\n\n\n<p>Wir f\u00fcr uns gestalten unseren kleinen&nbsp;<strong>Garten derzeit Insekten-gerecht<\/strong>  um bzw. erweitern diesen bewusst. Beim Besuch unserer Baumschule achten wir darauf, dass wir Str\u00e4ucher und Stauden w\u00e4hlen, die in der Bl\u00fctezeit vermehrt von beispielsweise Bienen, Hummeln oder Schmetterlingen besetzt werden. H\u00e4ufig wird dies auch in der Beschreibung  gekennzeichnet. Auch ber\u00fccksichtigen wir, dass wir verschiedene Pflanzen ausw\u00e4hlen, so dass zu jeder Jahreszeit von M\u00e4rz bis November ein paar Pflanzen oder Blumen bl\u00fchen und dann sp\u00e4ter auch Fr\u00fcchte f\u00fcr Tier und \/ oder Mensch tragen. Kroch unser Papa in den letzten Jahren noch \u00fcber seinen heiligen Rasen, um so genannten \u201eUnkr\u00e4uter\u201c aus dem Rasen herauszurei\u00dfen, so freuen wir uns heute \u00fcber jedes Bl\u00fcmchen, welches von Insekten aufgesucht wird. <\/p>\n\n\n\n<p>Der eine oder andere entscheidet sich vielleicht sogar f\u00fcr eine Blumenwiese. Wichtig dabei ist, dass man eine geeignete Samenmischung mit einheimischen Blumen erwirbt, was manchmal gar nicht so einfach ist. Und noch ein wichtiger Punkt:&nbsp;<strong>Kies- und Steing\u00e4rten<\/strong>  werden auch als \u00f6kologische W\u00fcsten bezeichnet, selbst wenn der eine oder andere Zierstrauch darauf zu sehen ist &#8211; Lebensraum f\u00fcr Insekten sieht anders aus. Neben dieser Tatsache werden die Sonnenstrahlen von den Steinen wunderbar absorbiert, so dass es rund ums Haus noch ein bisschen w\u00e4rmer wird \u2013 der ganz individuelle Beitrag zur zunehmenden <a href=\"https:\/\/klimaandmore.de\/?p=408\">Erderw\u00e4rmung<\/a>.<\/p>\n\n\n\n<p>Wenn man jetzt auch noch&nbsp;<strong>Nistpl\u00e4tze f\u00fcr Insekten <\/strong> schafft, ist man gleich noch ein ganzes St\u00fcck weiter. Wer es einfach mag, greift auf ein gekauftes Insektenhotel zur\u00fcck oder baut es sogar selbst zusammen. Wer mehr Platz hat, kann auch ein 30-50 cm tiefes Sandloch, welches neben grobk\u00f6rnigem Sand auch Totholz und gr\u00f6\u00dfere Steine enth\u00e4lt, anlegen. Zus\u00e4tzlich eine&nbsp;<strong>Wasserstelle<\/strong>  stellt nat\u00fcrlich dann das T\u00fcpfelchen auf dem \u201eGarten-i\u201c dar. Wer es kleiner mag, der kann eine Schale mit Wasser aufstellen. Wer es gr\u00f6\u00dfer mag, kann auch ein Biotop anlegen. V\u00f6gel und Insekten freuen sich, die diese Wasserstelle zum Trinken und Baden zu nutzen, ist der Sommer hei\u00df und trocken kann dies sogar Tierleben retten. In gr\u00f6\u00dferen Biotopen siedeln sich unter Umst\u00e4nden viele Wassertiere wie Libellen, Wasserl\u00e4ufer oder gar Kr\u00f6ten an.<\/p>\n\n\n\n<p><strong>Tipp:<\/strong>  Wer keinen Garten oder Balkon hat, aber trotzdem etwas tun m\u00f6chte, der kann auch eine Bl\u00fchpatenschaft \u00fcbernehmen. In Baden-W\u00fcrttemberg gibt es bespielsweise das hier: <a href=\"http:\/\/www.bwbluehtauf.de\">www.bwbluehtauf.de<\/a>.<\/p>\n\n\n\n<p>In einem der n\u00e4chsten Beitr\u00e4ge wollen wir noch gesondert auf die immer beliebteren <a href=\"https:\/\/klimaandmore.de\/?p=1260\">motorisierten Gartenhilfen<\/a> wie M\u00e4hroboter und Laubsauger eingehen und deren Einfluss auf unsere Umwelt beleuchten.&nbsp;<\/p>\n\n\n\n<p>Weitere Literatur:<\/p>\n\n\n\n<p><a href=\"https:\/\/www.zeit.de\/wissen\/umwelt\/2019-02\/artenvielfalt-volksbegehren-globales-insektensterben-artenschutz\">https:\/\/www.zeit.de\/wissen\/umwelt\/2019-02\/artenvielfalt-volksbegehren-globales-insektensterben-artenschutz<\/a><\/p>\n\n\n\n<p><a href=\"https:\/\/www.zeit.de\/wissen\/umwelt\/2019-02\/artenvielfalt-insekten-pestizide-volksbegehren-bienensterben-faq\">https:\/\/www.zeit.de\/wissen\/umwelt\/2019-02\/artenvielfalt-insekten-pestizide-volksbegehren-bienensterben-faq<\/a><\/p>\n\n\n\n<p><a href=\"http:\/\/www.spektrum.de\/wissen\/hilfe-fuer-insekten\/1635420?fbclid=IwAR0AKFvpNlO-yfq-bytT-EHfgDeI1_QBjM9F-V61Ke3ciWe3l0YJkE48ijY\">http:\/\/www.spektrum.de\/wissen\/hilfe-fuer-insekten\/1635420?fbclid=IwAR0AKFvpNlO-yfq-bytT-EHfgDeI1_QBjM9F-V61Ke3ciWe3l0YJkE48ijY<\/a><\/p>\n","protected":false},"excerpt":{"rendered":"<p>Ein Thema, welches derzeit immer wieder in den Medien diskutiert wird, ist das&nbsp;Artensterben und der Schwund an Biodiversit\u00e4t. Hierunter fallen nat\u00fcrlich auch die Insekten. In diesem Zusammenhang steht auch das Volksbegehren \u201eRettet die Bienen!\u201c in Bayern Anfang des Jahres 2019, welchem sich sehr viele Menschen angeschlossen haben. Was ist eigentlich dran am Artensterben und was &hellip; <\/p>\n<p class=\"link-more\"><a href=\"https:\/\/klimaandmore.de\/?p=1236\" class=\"more-link\"><span class=\"screen-reader-text\">\u201eUnsere kleinen Freunde, die Insekten\u201c<\/span> weiterlesen<\/a><\/p>\n","protected":false},"author":4,"featured_media":0,"comment_status":"closed","ping_status":"closed","sticky":false,"template":"","format":"standard","meta":{"spay_email":"","jetpack_publicize_message":"","jetpack_is_tweetstorm":false,"jetpack_publicize_feature_enabled":true},"categories":[10],"tags":[],"jetpack_featured_media_url":"","jetpack_publicize_connections":[],"jetpack_sharing_enabled":true,"jetpack_shortlink":"https:\/\/wp.me\/paMwRu-jW","_links":{"self":[{"href":"https:\/\/klimaandmore.de\/index.php?rest_route=\/wp\/v2\/posts\/1236"}],"collection":[{"href":"https:\/\/klimaandmore.de\/index.php?rest_route=\/wp\/v2\/posts"}],"about":[{"href":"https:\/\/klimaandmore.de\/index.php?rest_route=\/wp\/v2\/types\/post"}],"author":[{"embeddable":true,"href":"https:\/\/klimaandmore.de\/index.php?rest_route=\/wp\/v2\/users\/4"}],"replies":[{"embeddable":true,"href":"https:\/\/klimaandmore.de\/index.php?rest_route=%2Fwp%2Fv2%2Fcomments&post=1236"}],"version-history":[{"count":23,"href":"https:\/\/klimaandmore.de\/index.php?rest_route=\/wp\/v2\/posts\/1236\/revisions"}],"predecessor-version":[{"id":2213,"href":"https:\/\/klimaandmore.de\/index.php?rest_route=\/wp\/v2\/posts\/1236\/revisions\/2213"}],"wp:attachment":[{"href":"https:\/\/klimaandmore.de\/index.php?rest_route=%2Fwp%2Fv2%2Fmedia&parent=1236"}],"wp:term":[{"taxonomy":"category","embeddable":true,"href":"https:\/\/klimaandmore.de\/index.php?rest_route=%2Fwp%2Fv2%2Fcategories&post=1236"},{"taxonomy":"post_tag","embeddable":true,"href":"https:\/\/klimaandmore.de\/index.php?rest_route=%2Fwp%2Fv2%2Ftags&post=1236"}],"curies":[{"name":"wp","href":"https:\/\/api.w.org\/{rel}","templated":true}]}}