{"id":1428,"date":"2019-05-30T20:20:32","date_gmt":"2019-05-30T20:20:32","guid":{"rendered":"http:\/\/klimaandmore.de\/?p=1428"},"modified":"2019-11-23T13:20:45","modified_gmt":"2019-11-23T13:20:45","slug":"korallen-in-not","status":"publish","type":"post","link":"https:\/\/klimaandmore.de\/?p=1428","title":{"rendered":"Korallen in Not"},"content":{"rendered":"\n<p>Die <strong>Korallenriffe<\/strong> geh\u00f6ren zu den Arten-reichsten \u00d6kosystemen der Welt. Sie werden von sogenannten Nesseltieren gebildet, die meist nah unter der Wasseroberfl\u00e4che tropischer Gew\u00e4sser im Meer leben und dort Kolonien bilden. Diese \u00d6kosysteme sind in ihrem Bestand gerade akut gef\u00e4hrdet \u2013 hier berichten wir warum, und was das mit dem Klimawandel zu tun hat.<\/p>\n\n\n\n<figure class=\"wp-block-image\"><img decoding=\"async\" loading=\"lazy\" width=\"1024\" height=\"380\" src=\"https:\/\/klimaandmore.de\/wp-content\/uploads\/2019\/05\/Ko_1-1024x380.png\" alt=\"\" class=\"wp-image-1435\" srcset=\"https:\/\/klimaandmore.de\/wp-content\/uploads\/2019\/05\/Ko_1-1024x380.png 1024w, https:\/\/klimaandmore.de\/wp-content\/uploads\/2019\/05\/Ko_1-300x111.png 300w, https:\/\/klimaandmore.de\/wp-content\/uploads\/2019\/05\/Ko_1-768x285.png 768w, https:\/\/klimaandmore.de\/wp-content\/uploads\/2019\/05\/Ko_1.png 1115w\" sizes=\"(max-width: 767px) 89vw, (max-width: 1000px) 54vw, (max-width: 1071px) 543px, 580px\" \/><\/figure>\n\n\n\n<!--more-->\n\n\n\n<p><strong>Was sind Korallen \u00fcberhaupt?<\/strong>  Korallen werden durch eine gro\u00dfe Gruppe von Nesseltieren gebildet, die ausschlie\u00dflich im Meer und dabei insbesondere in den Tropen vorkommen. Sie sitzen in den meisten F\u00e4llen nahe der K\u00fcste dauerhaft auf dem Meeresgrund fest, wo das Wasser nicht sehr tief ist. Grunds\u00e4tzlich unterscheidet man zwischen Weich- und Steinkorallen. Letztere haben die F\u00e4higkeit, skelettartige Strukturen zu bilden. Dies geschieht \u00fcber die Einlagerung von Kalk,  Calciumcarbonat, in dem letztlich auch Kohlendioxid, CO<sub>2<\/sub>, enthalten ist.&nbsp;&nbsp;<\/p>\n\n\n\n<p>Nach Absterben der Korallen bleiben die toten skelettartige Strukturen zur\u00fcck, die von neuen Korallen \u00fcberwachsen werden. So entstehen mit der Zeit sehr gro\u00dfe zusammenh\u00e4nge Korallenriffe am Meeresboden. Korallen ern\u00e4hren sich durch Filtration von Wasser und nehmen dabei beispielsweise Plankton als N\u00e4hrstoffe auf. Dar\u00fcber hinaus leben insbesondere solche Korallen, die sich nah an der Wasseroberfl\u00e4che befinden, vergesellschaftet mit bestimmten Algen (sogenannte Zooxanthellen). Diese bilden \u00fcber Photosynthese wichtige N\u00e4hrstoffe f\u00fcr die Korallen. Da auch die Algen von diesem Austausch profitieren, indem sie beispielsweise von den Korallen CO<sub>2<\/sub> erhalten, spricht man in diesem Zusammenhang von einer Symbiose. Diese Algen sind auch verantwortlich f\u00fcr die Farbenpracht, die h\u00e4ufig mit den Korallen assoziiert wird.<br><\/p>\n\n\n\n<figure class=\"wp-block-image\"><img decoding=\"async\" loading=\"lazy\" width=\"1024\" height=\"680\" src=\"https:\/\/klimaandmore.de\/wp-content\/uploads\/2019\/05\/Ko_2-1024x680.png\" alt=\"\" class=\"wp-image-1436\" srcset=\"https:\/\/klimaandmore.de\/wp-content\/uploads\/2019\/05\/Ko_2-1024x680.png 1024w, https:\/\/klimaandmore.de\/wp-content\/uploads\/2019\/05\/Ko_2-300x199.png 300w, https:\/\/klimaandmore.de\/wp-content\/uploads\/2019\/05\/Ko_2-768x510.png 768w, https:\/\/klimaandmore.de\/wp-content\/uploads\/2019\/05\/Ko_2.png 1370w\" sizes=\"(max-width: 767px) 89vw, (max-width: 1000px) 54vw, (max-width: 1071px) 543px, 580px\" \/><figcaption>Abbildung 1: Gesundes Korallenwachstum. Die wei\u00dfen Spitzen der&nbsp;Koralle rechts sind gesunde Wachstumsspitzen. Diese&nbsp;beinhalten noch keine&nbsp;Zooxanthellen, die erst in einem&nbsp;sp\u00e4teren Wachstumsstadium in das Gewebe einwandern&nbsp;und es dann braun f\u00e4rben. Das Foto wurde freundlicherweise von PD Dr. Dieter Brockmann, Ulm, zur Verf\u00fcgung gestellt.<\/figcaption><\/figure>\n\n\n\n<p><strong>Warum sind Korallen akut gef\u00e4hrdet?<\/strong> Die meisten Algen, die mit den Korallen zusammenleben und auf die die Korallen angewiesen sind, sind extrem temperaturempfindlich. Mit dem Klimawandel erw\u00e4rmt sich auch das Meer, wodurch die mit den Korallen in Symbiose lebenden Algen absterben. In der Folge werden die Algen dann von den Korallen abgesto\u00dfen, womit ein Lieferant von Nahrungsbestandteilen verloren geht und eine akute Lebensgefahr f\u00fcr die Korallen besteht. Kommen die Algen nicht schnell genug zur\u00fcck, sterben die Korallen ab &#8211; zur\u00fcck bleiben deren Kalkskelette. Da bei diesem Prozess auch die Farbenpracht der Korallenriffe verloren geht, spricht man von der Korallenbleiche.&nbsp;In der Folge werden die abgestorbenen Korallenriffe von anderen Algenarten \u00fcberwuchert.<br><\/p>\n\n\n\n<figure class=\"wp-block-image\"><img decoding=\"async\" loading=\"lazy\" width=\"1024\" height=\"711\" src=\"https:\/\/klimaandmore.de\/wp-content\/uploads\/2019\/05\/Ko_3-1024x711.png\" alt=\"\" class=\"wp-image-1437\" srcset=\"https:\/\/klimaandmore.de\/wp-content\/uploads\/2019\/05\/Ko_3-1024x711.png 1024w, https:\/\/klimaandmore.de\/wp-content\/uploads\/2019\/05\/Ko_3-300x208.png 300w, https:\/\/klimaandmore.de\/wp-content\/uploads\/2019\/05\/Ko_3-768x533.png 768w, https:\/\/klimaandmore.de\/wp-content\/uploads\/2019\/05\/Ko_3.png 1207w\" sizes=\"(max-width: 767px) 89vw, (max-width: 1000px) 54vw, (max-width: 1071px) 543px, 580px\" \/><figcaption>Abbildung 2: Vollst\u00e4ndig ausgebleichter Riffabschnitt im Roten Meer. Algen haben schon fast vollst\u00e4ndig die abgestorbenen Korallen \u00fcberwuchert. Das Foto wurde freundlicherweise von PD Dr. Dieter Brockmann, Ulm,  zur Verf\u00fcgung gestellt.<\/figcaption><\/figure>\n\n\n\n<p>Unter Umst\u00e4nden k\u00f6nnen sich Korallenriffs wieder erholen. Dies ist allerdings ein sehr langwieriger Prozess. Kommt es in dieser Regenerationszeit zu einer erneuten Korallenbleiche, schwindet die <a href=\"https:\/\/science.sciencemag.org\/content\/359\/6371\/80\">Regenerationsf\u00e4higkeit<\/a>  des Korallenriffs, was schlussendlich&nbsp;&nbsp;in einem irreversiblen Verlust der Riffs m\u00fcndet. So starben 2016 bei einer <a href=\"https:\/\/www.spiegel.de\/wissenschaft\/natur\/great-barrier-reef-mehr-als-ein-viertel-der-korallen-starben-2016-a-1149723.html\">Korallenbleiche im Great Barrier Reef<\/a> in Australien mehr als 25% der Korallen; 93% der dortigen <a href=\"https:\/\/www.theguardian.com\/environment\/2016\/apr\/19\/great-barrier-reef-93-of-reefs-hit-by-coral-bleaching\">Korallenriffe<\/a> waren betroffen. <\/p>\n\n\n\n<p><strong>Was sind die Konsequenzen des Korallensterbens?<\/strong>Hier wollen wir zwei Effekte kurz benennen.&nbsp;<\/p>\n\n\n\n<ol><li>Korallenriffe geh\u00f6ren zu den Arten-reichsten \u00d6kosystemen dieser Welt. Mit dem Absterben der Korallenriffs verlieren hunderttausende Arten ihren Lebensraum. Das Korallensterben tr\u00e4gt also massiv zum <strong>Artenschwund<\/strong> bei. Die zunehmende <a href=\"https:\/\/www.spiegel.de\/wissenschaft\/natur\/korallenbleiche-katastrophen-folgen-in-immer-kuerzeren-abstaenden-a-1186136.html\">H\u00e4ufigkeit der Korallenbleiche<\/a> zeigt, dass wir bereits jetzt in den Prozess des irreversiblen Verlustes der Korallen eingetreten sind.<\/li><li>Dar\u00fcber hinaus sind Steinkorallen an der Fixierung von CO<sub>2<\/sub>  beteiligt. Ein Absterben der Korallen f\u00fchrt also zum Ausfall einer M\u00f6glichkeit, CO<sub>2 <\/sub> aus der Atmosph\u00e4re (\u00fcber die Zwischenstufe Meerwasser) zu binden. Tats\u00e4chlich ist die Situation sogar noch etwas schlechter. Der Anstieg der CO<sub>2 <\/sub> Konzentration in der Luft wird durch einen Anstieg der CO<sub>2<\/sub>  Konzentration im Meerwasser begleitet \u2013 insbesondere im Oberfl\u00e4chen-nahen Wasser. Dies f\u00fchrt zu einer <a href=\"https:\/\/science.sciencemag.org\/content\/305\/5682\/362.long\">Versauerung der Meere<\/a>, was chemisch zu einem Mangel an Calciumcarbonat (Kalk)&nbsp;im Wasser und letztlich sogar zum Aufl\u00f6sen der Kalkstrukturen der Korallen f\u00fchrt&#8230; Jeder kennt diese chemische Reaktion. Wir machen sie uns beispielsweise beim Entkalken der Kaffemaschine mit Zitronens\u00e4uren zu nutze. Daher geh\u00f6rt das Absterben der Korallenriffs, was letztlich auch mit dem <strong>Freisetzen von CO<\/strong><sub><strong>2<\/strong> <\/sub> verbunden ist, auch zu einem der <strong><a href=\"https:\/\/klimaandmore.de\/?p=1099\">Kipp-Punkte der Klimasystems<\/a><\/strong>. Dieser steht unmittelbar bevor.<\/li><\/ol>\n\n\n\n<p><strong>Weitere Lekt\u00fcre:<\/strong><\/p>\n\n\n\n<p>Anthony und andere,&nbsp;Ocean acidification causes bleaching and productivity loss in coral reef builders, <a href=\"https:\/\/www.pnas.org\/content\/105\/45\/17442.full\">PNAS 2008<\/a><\/p>\n\n\n\n<p>Feely und andere, Impact of Anthropogenic CO<sub>2<\/sub>&nbsp;on the CaCO<sub>3<\/sub>&nbsp;System in the Oceans, <a href=\"https:\/\/science.sciencemag.org\/content\/305\/5682\/362.long\">Science 2004<\/a><\/p>\n\n\n\n<p>Hughes und andere, Spatial and temporal patterns of mass bleaching of corals in the Anthropocene, <a href=\"https:\/\/science.sciencemag.org\/content\/359\/6371\/80\">Science 2018<\/a><\/p>\n\n\n\n<p>Orr und andere, Anthropogenic ocean acidification over the twenty-first century and its impact on calcifying organisms, <a href=\"https:\/\/doi.org\/10.1038\/nature04095\">Nature 2005<\/a><\/p>\n","protected":false},"excerpt":{"rendered":"<p>Die Korallenriffe geh\u00f6ren zu den Arten-reichsten \u00d6kosystemen der Welt. Sie werden von sogenannten Nesseltieren gebildet, die meist nah unter der Wasseroberfl\u00e4che tropischer Gew\u00e4sser im Meer leben und dort Kolonien bilden. Diese \u00d6kosysteme sind in ihrem Bestand gerade akut gef\u00e4hrdet \u2013 hier berichten wir warum, und was das mit dem Klimawandel zu tun hat.<\/p>\n","protected":false},"author":5,"featured_media":0,"comment_status":"closed","ping_status":"closed","sticky":false,"template":"","format":"standard","meta":{"spay_email":"","jetpack_publicize_message":"","jetpack_is_tweetstorm":false,"jetpack_publicize_feature_enabled":true},"categories":[10,8],"tags":[],"jetpack_featured_media_url":"","jetpack_publicize_connections":[],"jetpack_sharing_enabled":true,"jetpack_shortlink":"https:\/\/wp.me\/paMwRu-n2","_links":{"self":[{"href":"https:\/\/klimaandmore.de\/index.php?rest_route=\/wp\/v2\/posts\/1428"}],"collection":[{"href":"https:\/\/klimaandmore.de\/index.php?rest_route=\/wp\/v2\/posts"}],"about":[{"href":"https:\/\/klimaandmore.de\/index.php?rest_route=\/wp\/v2\/types\/post"}],"author":[{"embeddable":true,"href":"https:\/\/klimaandmore.de\/index.php?rest_route=\/wp\/v2\/users\/5"}],"replies":[{"embeddable":true,"href":"https:\/\/klimaandmore.de\/index.php?rest_route=%2Fwp%2Fv2%2Fcomments&post=1428"}],"version-history":[{"count":13,"href":"https:\/\/klimaandmore.de\/index.php?rest_route=\/wp\/v2\/posts\/1428\/revisions"}],"predecessor-version":[{"id":2193,"href":"https:\/\/klimaandmore.de\/index.php?rest_route=\/wp\/v2\/posts\/1428\/revisions\/2193"}],"wp:attachment":[{"href":"https:\/\/klimaandmore.de\/index.php?rest_route=%2Fwp%2Fv2%2Fmedia&parent=1428"}],"wp:term":[{"taxonomy":"category","embeddable":true,"href":"https:\/\/klimaandmore.de\/index.php?rest_route=%2Fwp%2Fv2%2Fcategories&post=1428"},{"taxonomy":"post_tag","embeddable":true,"href":"https:\/\/klimaandmore.de\/index.php?rest_route=%2Fwp%2Fv2%2Ftags&post=1428"}],"curies":[{"name":"wp","href":"https:\/\/api.w.org\/{rel}","templated":true}]}}