{"id":1896,"date":"2019-09-20T19:02:56","date_gmt":"2019-09-20T19:02:56","guid":{"rendered":"http:\/\/klimaandmore.de\/?p=1896"},"modified":"2019-11-23T13:12:56","modified_gmt":"2019-11-23T13:12:56","slug":"die-co2-diaet-7-tage-aktion-fuers-klima","status":"publish","type":"post","link":"https:\/\/klimaandmore.de\/?p=1896","title":{"rendered":"Die CO2-Di\u00e4t: 7-Tage-Aktion f\u00fcrs Klima"},"content":{"rendered":"\n<p>Heute m\u00f6chten wir eine 7-Tage-CO2-Di\u00e4t vorstellen, die in Zusammenarbeit mit der&nbsp;<a href=\"https:\/\/www.blaustein.de\/de\/stadt-portrait\/nachhaltigkeit\/impulsgruppe-regional-fair-nachhaltig\/\">Impulsgruppe regional \u2013 fair \u2013 nachhaltig<\/a>&nbsp;Blaustein entstanden ist und durch die jeder von uns einen wichtigen Beitrag zum Klimaschutz leisten kann\u2026.<\/p>\n\n\n\n<!--more WeiterleseN-->\n\n\n\n<p><strong>Tag 1:<\/strong> ST\u00c4RKEN UND SCHW\u00c4CHEN IDENTIFIZIEREN \u2013 PERS\u00d6NLICHEN CO2-FUSSABDRUCK BERECHNEN<\/p>\n\n\n\n<p>Wie gro\u00df ist Ihr pers\u00f6nlicher CO2-Fussabdruck? Zur Ermittlung gibt es verschiedene Rechner im Internet. Besonders detaillierte Berechnungen liefert der <a href=\"https:\/\/ lfu.co2-rechner.de\/de_DE\">Rechner<\/a> des bayrischen Landesamts f\u00fcr Umweltschutz. Hier kann man f\u00fcr alle Lebensbereiche seine pers\u00f6nlichen Werte eingeben. Wo stehen Sie heute? Zum Vergleich: In Deutschland liegt der CO2-Fu\u00dfabdruck durchschnittlich bei 11,6t CO2&nbsp;pro Einwohner, weltweit bei etwa 6t CO2&nbsp;(2019). F\u00fcr eine Begrenzung der globalen Erderw\u00e4rmung auf 1,5\u00b0C w\u00e4re ein Wert zwischen 2,0 und 2,5t klimavertr\u00e4glich; Tendenz fallend, da wir zeitnah klimaneutral leben m\u00fcssen. <strong>Wichtig: Jetzt nicht resignieren!<\/strong> Mit der CO2-Di\u00e4t kommen Sie dem klimavertr\u00e4glichen Durchschnitt jeden Tag ein St\u00fcck n\u00e4her.<\/p>\n\n\n\n<p><strong>Tag 2: <\/strong>DER ERN\u00c4HRUNG AUF DEN GRUND GEHEN \u2013 SCHMECKT \u0301S NOCH?<\/p>\n\n\n\n<p>Wie man sich ern\u00e4hrt, beeinflusst den CO2-Fu\u00dfabdruck: Wer viel Fleisch isst, muss locker mal 2,7 Tonnen CO2 pro Person und Jahr in den pers\u00f6nlichen Fu\u00dfabdruck einrechnen. Mit anderen Worten: Alleine \u00fcber diese Ern\u00e4hrungsform wird das klimavertr\u00e4gliche CO2-Budget ausgesch\u00f6pft! Durch eine Fleischreduktion kann knapp eine Tonne CO2 eingespart werden, entsprechend mehr durch eine vegetarische oder vegane Ern\u00e4hrung. Die Berechnungen zeigen ebenfalls, dass die Ern\u00e4hrung mit regionalen und saisonalen Produkten einen positiven Einfluss auf unseren CO2-Fu\u00dfabdruck hat.<\/p>\n\n\n\n<p>=&gt; Mit weniger Fleisch bis zu<strong> 1,62 t pro Jahr weniger<\/strong>!<\/p>\n\n\n\n<div class=\"wp-block-image\"><figure class=\"aligncenter is-resized\"><img decoding=\"async\" loading=\"lazy\" src=\"https:\/\/klimaandmore.de\/wp-content\/uploads\/2019\/09\/Ernaehrung_kurz-1024x468.png\" alt=\"\" class=\"wp-image-1915\" width=\"511\" height=\"233\" srcset=\"https:\/\/klimaandmore.de\/wp-content\/uploads\/2019\/09\/Ernaehrung_kurz-1024x468.png 1024w, https:\/\/klimaandmore.de\/wp-content\/uploads\/2019\/09\/Ernaehrung_kurz-300x137.png 300w, https:\/\/klimaandmore.de\/wp-content\/uploads\/2019\/09\/Ernaehrung_kurz-768x351.png 768w, https:\/\/klimaandmore.de\/wp-content\/uploads\/2019\/09\/Ernaehrung_kurz.png 1041w\" sizes=\"(max-width: 511px) 100vw, 511px\" \/><\/figure><\/div>\n\n\n\n<p><strong>Tag 3:  <\/strong>MOBIL SEIN \u2013 AUCH OHNE PKW<\/p>\n\n\n\n<p>Ein Auto wird in Deutschland im Durchschnitt 11.000 km im Jahr gefahren (und steht ca. 23 h am Tag nur rum!). Je nach Auto m\u00fcssen wir daf\u00fcr zwischen 3,5 und 1,8 Tonnen CO2&nbsp;in den pers\u00f6nlichen Fu\u00dfabdruck einrechnen. Anders gesagt: Schon alleine die Wahl eines kleineren und leichteren Autos hat einen gro\u00dfen Einfluss auf unse- ren CO2-Abdruck. Wenn man nun noch alle Autofahrten, die k\u00fcrzer als 5 Kilometer sind (und das sind im Schnitt knapp die H\u00e4lfte aller Autofahrten!), zu Fu\u00df, mit dem Rad oder mit dem \u00f6ffentlichen Nahverkehr bew\u00e4ltigt, so kann man eine Menge CO2&nbsp;einsparen. Wie viel, zeigt das Beispiel in der Grafik. <strong>Extra Bonus:<\/strong> Wer sich mehr zu Fu\u00df und auf dem Rad fortbewegt, lebt nachweislich auch ges\u00fcnder, braucht weniger Platz und belastet seine Mitmenschen nicht mit L\u00e4rm und Abgasen!<\/p>\n\n\n\n<p>=&gt; Bis zu <strong>1,23 t pro Jahr weniger <\/strong>bei gleich vielen Fahrten!<\/p>\n\n\n\n<div class=\"wp-block-image\"><figure class=\"aligncenter is-resized\"><img decoding=\"async\" loading=\"lazy\" src=\"https:\/\/klimaandmore.de\/wp-content\/uploads\/2019\/09\/Touran_Bus_Rad-1024x545.png\" alt=\"\" class=\"wp-image-1916\" width=\"477\" height=\"253\" srcset=\"https:\/\/klimaandmore.de\/wp-content\/uploads\/2019\/09\/Touran_Bus_Rad-1024x545.png 1024w, https:\/\/klimaandmore.de\/wp-content\/uploads\/2019\/09\/Touran_Bus_Rad-300x160.png 300w, https:\/\/klimaandmore.de\/wp-content\/uploads\/2019\/09\/Touran_Bus_Rad-768x408.png 768w, https:\/\/klimaandmore.de\/wp-content\/uploads\/2019\/09\/Touran_Bus_Rad.png 1224w\" sizes=\"(max-width: 477px) 100vw, 477px\" \/><\/figure><\/div>\n\n\n\n<p><strong>Tag 4: <\/strong>STROMANBIETER CHECKEN \u2013 UND ZU REGENERATIVEM STROM WECHSELN<\/p>\n\n\n\n<p>Wissen Sie eigentlich, wie der Strom aus Ihrer Steckdose erzeugt wird? Im Atom- oder Kohlekraftwerk oder durch Sonne, Wind und Wasser? Alleine der Wechsel zu regenerativ erzeugtem Strom kann bei einer vierk\u00f6pfigen Familie zu einer Einspa- rung von 1,5 t CO2&nbsp;im Jahr f\u00fchren. Hausbesitzer k\u00f6nnen solar W\u00e4rme und Strom auf dem eigenen Dach gewinnen. Mieter k\u00f6nnen sich z.B. eine Mini-Photovoltaikanlage f\u00fcr den Balkon anschaffen, die einfach nur an die vorhandene Steckdose angeschlossen wird. <strong>Und nicht vergessen:<\/strong> E-Bike und E-Auto sind nur umweltfreundlich, wenn sie mit regenerativem Strom betrieben werden!<\/p>\n\n\n\n<p><strong>=&gt; <\/strong>Mit Strom aus Sonne, Wind und Wasser bis zu <strong>0,5 t pro Jahr weniger<\/strong>!<\/p>\n\n\n\n<div class=\"wp-block-image\"><figure class=\"aligncenter is-resized\"><img decoding=\"async\" loading=\"lazy\" src=\"https:\/\/klimaandmore.de\/wp-content\/uploads\/2019\/09\/SonneWind-1024x406.png\" alt=\"\" class=\"wp-image-1917\" width=\"403\" height=\"160\" srcset=\"https:\/\/klimaandmore.de\/wp-content\/uploads\/2019\/09\/SonneWind-1024x406.png 1024w, https:\/\/klimaandmore.de\/wp-content\/uploads\/2019\/09\/SonneWind-300x119.png 300w, https:\/\/klimaandmore.de\/wp-content\/uploads\/2019\/09\/SonneWind-768x305.png 768w, https:\/\/klimaandmore.de\/wp-content\/uploads\/2019\/09\/SonneWind.png 1396w\" sizes=\"(max-width: 403px) 100vw, 403px\" \/><\/figure><\/div>\n\n\n\n<p><strong>Tag 5:<\/strong> KONSUMIEREN &#8211; MACHT MEHR WIRKLICH GL\u00dcCKLICHER?<\/p>\n\n\n\n<p>Brauchen wir wirklich 60 neue Kleidungsst\u00fccke pro Jahr? Das ist n\u00e4mlich der Durchschnitt f\u00fcr Deutschland. Ist uns bewusst, dass z.B. eine Jeans schon ca. 50.000 km durch fast zehn L\u00e4nder zur\u00fcckgelegt hat, bevor sie bei uns im Laden liegt? Von den Umweltauswirkungen des Baumwollanbaus und F\u00e4rbens sowie den Arbeitsbedingungen der N\u00e4herInnen ganz abgesehen. Wissen Sie, dass die Nutzung von Handys und Computern ca. 4 % aller Treibhausgase weltweit aus- macht, Tendenz stark steigend? Das Versenden oder Posten digitaler Nachrichten schl\u00e4gt im Schnitt mit 10 g CO2&nbsp;pro Nachricht zu Buche! Bei 100 Mails\/Posts pro Tag sind das 0,3 t CO2&nbsp;im Jahr. Und allein das Streamen von Musik oder Videos macht ca. 1 % des weltweiten CO2&nbsp;Aussto\u00dfes aus. Dazu noch jedes Jahr ein neues Smart Phone: plus 0,1 t CO2. Also: Weniger und ausgew\u00e4hlt sowie gebraucht kaufen, digitale Ger\u00e4te lang nutzen, vor dem Nachrichten senden \u00fcberlegen, ob es wirklich n\u00f6tig ist und bewusst Streamen \u2013 so k\u00f6nnen Sie viel zum Klimaschutz beitragen.<\/p>\n\n\n\n<p><strong>=&gt;<\/strong> Je nach bisherigem Konsumverhalten sind hier auch schon mal<strong> 2 t pro Jahr <\/strong>drin.<\/p>\n\n\n\n<div class=\"wp-block-image\"><figure class=\"aligncenter is-resized\"><img decoding=\"async\" loading=\"lazy\" src=\"https:\/\/klimaandmore.de\/wp-content\/uploads\/2019\/09\/Konsum2.png\" alt=\"\" class=\"wp-image-1918\" width=\"348\" height=\"153\" srcset=\"https:\/\/klimaandmore.de\/wp-content\/uploads\/2019\/09\/Konsum2.png 450w, https:\/\/klimaandmore.de\/wp-content\/uploads\/2019\/09\/Konsum2-300x132.png 300w\" sizes=\"(max-width: 348px) 100vw, 348px\" \/><\/figure><\/div>\n\n\n\n<p><strong>Tag 6: <\/strong> URLAUB MACHEN &#8211; GEHT GUT AUCH KLIMAFREUNDLICH<\/p>\n\n\n\n<p>Urlaub kann man so oder so machen: Deutschland und die angrenzenden L\u00e4nder entdecken, vielleicht sogar mit dem Fahrrad oder per Zug. Oder an weit entfernte Orte fliegen, weil man zum Entspannen unbedingt einen wei\u00dfen Strand und ein riesiges Hotelbuffet braucht? Wenn da nicht die Klima- und Umweltbelastung w\u00e4re, die schon alleine bei der An- und Abreise entsteht. Eine Flugreise von Frankfurt nach Palma de Mallorca und zur\u00fcck verursacht 0,48 t CO2&nbsp;pro Person. Eine Reise von Ulm ins Allg\u00e4u und zur\u00fcck mit einem Mittelklassewagen macht dagegen nur ca. 0,05 t CO2&nbsp;aus. Schauen Sie doch bei Ihrer kommenden Reiseplanung genau hin und rech- nen Sie entsprechend Ihre CO2-Bilanz aus. Die Flugreise k\u00f6nnen Sie auf der Homepage von <a href=\"http:\/\/www.atmosfair.de\">atmosfair<\/a> berechnen, den CO2-Aussto\u00df f\u00fcr Autofahrten rechnen Sie z.B. beim <a href=\"https:\/\/lfu.co2-rechner.de\/de_DE\">Rechner<\/a> des bayrischen Landesamts f\u00fcr Umweltschutz, die CO2-Bilanz einer Zugreise wird Ihnen direkt auf der Homepage der Deutschen Bahn angegeben.<\/p>\n\n\n\n<p><strong>=&gt; <\/strong>Je nach bisherigem Flugverhalten sind hier <strong>mehrere Tonnen weniger <\/strong>drin!<\/p>\n\n\n\n<div class=\"wp-block-image\"><figure class=\"aligncenter is-resized\"><img decoding=\"async\" loading=\"lazy\" src=\"https:\/\/klimaandmore.de\/wp-content\/uploads\/2019\/09\/kurztrip_Allgaeu_palma-1024x475.png\" alt=\"\" class=\"wp-image-1921\" width=\"546\" height=\"253\" srcset=\"https:\/\/klimaandmore.de\/wp-content\/uploads\/2019\/09\/kurztrip_Allgaeu_palma-1024x475.png 1024w, https:\/\/klimaandmore.de\/wp-content\/uploads\/2019\/09\/kurztrip_Allgaeu_palma-300x139.png 300w, https:\/\/klimaandmore.de\/wp-content\/uploads\/2019\/09\/kurztrip_Allgaeu_palma-768x356.png 768w, https:\/\/klimaandmore.de\/wp-content\/uploads\/2019\/09\/kurztrip_Allgaeu_palma.png 1181w\" sizes=\"(max-width: 546px) 100vw, 546px\" \/><\/figure><\/div>\n\n\n\n<p><strong>Tag 7: <\/strong>R\u00dcCKBLICK UND BILANZ ZIEHEN<\/p>\n\n\n\n<p>Nun ist es Zeit, sich zur\u00fcckzulehnen und Bilanz zu ziehen: Welche Konsequenzen ergeben sich f\u00fcr Sie? Welche Ma\u00dfnahmen sind f\u00fcr Sie pers\u00f6nlich gut und sinnvoll? Wieviel CO2&nbsp;weniger ist f\u00fcr Sie m\u00f6glich? Seien Sie stolz auf jede einzelne Ma\u00dfnahme und diskutieren Sie mit Ihren Mitmenschen. Und h\u00f6ren Sie nicht mit der Di\u00e4t auf! T\u00e4glich ergeben sich M\u00f6glichkeiten, den eigenen CO2-Fussabdruck zu verkleinern.<\/p>\n\n\n\n<p><strong>=&gt;<\/strong> <strong>Insgesamt sind mit der CO2-Di\u00e4t 5 t pro Person drin!<\/strong><\/p>\n","protected":false},"excerpt":{"rendered":"<p>Heute m\u00f6chten wir eine 7-Tage-CO2-Di\u00e4t vorstellen, die in Zusammenarbeit mit der&nbsp;Impulsgruppe regional \u2013 fair \u2013 nachhaltig&nbsp;Blaustein entstanden ist und durch die jeder von uns einen wichtigen Beitrag zum Klimaschutz leisten kann\u2026.<\/p>\n","protected":false},"author":4,"featured_media":0,"comment_status":"closed","ping_status":"closed","sticky":false,"template":"","format":"standard","meta":{"spay_email":"","jetpack_publicize_message":"","jetpack_is_tweetstorm":false,"jetpack_publicize_feature_enabled":true},"categories":[12,88],"tags":[],"jetpack_featured_media_url":"","jetpack_publicize_connections":[],"jetpack_sharing_enabled":true,"jetpack_shortlink":"https:\/\/wp.me\/paMwRu-uA","_links":{"self":[{"href":"https:\/\/klimaandmore.de\/index.php?rest_route=\/wp\/v2\/posts\/1896"}],"collection":[{"href":"https:\/\/klimaandmore.de\/index.php?rest_route=\/wp\/v2\/posts"}],"about":[{"href":"https:\/\/klimaandmore.de\/index.php?rest_route=\/wp\/v2\/types\/post"}],"author":[{"embeddable":true,"href":"https:\/\/klimaandmore.de\/index.php?rest_route=\/wp\/v2\/users\/4"}],"replies":[{"embeddable":true,"href":"https:\/\/klimaandmore.de\/index.php?rest_route=%2Fwp%2Fv2%2Fcomments&post=1896"}],"version-history":[{"count":29,"href":"https:\/\/klimaandmore.de\/index.php?rest_route=\/wp\/v2\/posts\/1896\/revisions"}],"predecessor-version":[{"id":2185,"href":"https:\/\/klimaandmore.de\/index.php?rest_route=\/wp\/v2\/posts\/1896\/revisions\/2185"}],"wp:attachment":[{"href":"https:\/\/klimaandmore.de\/index.php?rest_route=%2Fwp%2Fv2%2Fmedia&parent=1896"}],"wp:term":[{"taxonomy":"category","embeddable":true,"href":"https:\/\/klimaandmore.de\/index.php?rest_route=%2Fwp%2Fv2%2Fcategories&post=1896"},{"taxonomy":"post_tag","embeddable":true,"href":"https:\/\/klimaandmore.de\/index.php?rest_route=%2Fwp%2Fv2%2Ftags&post=1896"}],"curies":[{"name":"wp","href":"https:\/\/api.w.org\/{rel}","templated":true}]}}