{"id":2278,"date":"2019-12-04T20:49:23","date_gmt":"2019-12-04T20:49:23","guid":{"rendered":"http:\/\/klimaandmore.de\/?p=2278"},"modified":"2019-12-04T20:49:28","modified_gmt":"2019-12-04T20:49:28","slug":"adventsinterview-von-radio-free-fm-mit-dem-sprecher-der-scientists-for-future-regionalgruppe-ulm","status":"publish","type":"post","link":"https:\/\/klimaandmore.de\/?p=2278","title":{"rendered":"&#8222;Adventsinterview&#8220; von Radio free FM mit dem Sprecher der Scientists for Future Regionalgruppe Ulm"},"content":{"rendered":"\n<p>Am 1. Dezember 2019 wurde Michael K\u00fchl als Sprecher der Scientists for Future Regional Ulm interviewt. Im Gespr\u00e4ch wurde der Klimawandel mit Ursachen und m\u00f6glichen L\u00f6sungswegen diskutiert. Das Interview findet Ihr in der rechten Spalte auf dieser\u00a0<a href=\"https:\/\/www.freefm.de\/artikel\/wissensstrahlung-01122019\">Seite<\/a>. Bringt etwas Zeit mit, die Sendung dauert 1,5 Stunden.<\/p>\n","protected":false},"excerpt":{"rendered":"<p>Am 1. Dezember 2019 wurde Michael K\u00fchl als Sprecher der Scientists for Future Regional Ulm interviewt. Im Gespr\u00e4ch wurde der Klimawandel mit Ursachen und m\u00f6glichen L\u00f6sungswegen diskutiert. Das Interview findet Ihr in der rechten Spalte auf dieser\u00a0Seite. Bringt etwas Zeit mit, die Sendung dauert 1,5 Stunden.<\/p>\n","protected":false},"author":4,"featured_media":0,"comment_status":"closed","ping_status":"closed","sticky":false,"template":"","format":"standard","meta":{"spay_email":"","jetpack_publicize_message":"","jetpack_is_tweetstorm":false,"jetpack_publicize_feature_enabled":true},"categories":[1],"tags":[],"jetpack_featured_media_url":"","jetpack_publicize_connections":[],"jetpack_sharing_enabled":true,"jetpack_shortlink":"https:\/\/wp.me\/paMwRu-AK","_links":{"self":[{"href":"https:\/\/klimaandmore.de\/index.php?rest_route=\/wp\/v2\/posts\/2278"}],"collection":[{"href":"https:\/\/klimaandmore.de\/index.php?rest_route=\/wp\/v2\/posts"}],"about":[{"href":"https:\/\/klimaandmore.de\/index.php?rest_route=\/wp\/v2\/types\/post"}],"author":[{"embeddable":true,"href":"https:\/\/klimaandmore.de\/index.php?rest_route=\/wp\/v2\/users\/4"}],"replies":[{"embeddable":true,"href":"https:\/\/klimaandmore.de\/index.php?rest_route=%2Fwp%2Fv2%2Fcomments&post=2278"}],"version-history":[{"count":1,"href":"https:\/\/klimaandmore.de\/index.php?rest_route=\/wp\/v2\/posts\/2278\/revisions"}],"predecessor-version":[{"id":2279,"href":"https:\/\/klimaandmore.de\/index.php?rest_route=\/wp\/v2\/posts\/2278\/revisions\/2279"}],"wp:attachment":[{"href":"https:\/\/klimaandmore.de\/index.php?rest_route=%2Fwp%2Fv2%2Fmedia&parent=2278"}],"wp:term":[{"taxonomy":"category","embeddable":true,"href":"https:\/\/klimaandmore.de\/index.php?rest_route=%2Fwp%2Fv2%2Fcategories&post=2278"},{"taxonomy":"post_tag","embeddable":true,"href":"https:\/\/klimaandmore.de\/index.php?rest_route=%2Fwp%2Fv2%2Ftags&post=2278"}],"curies":[{"name":"wp","href":"https:\/\/api.w.org\/{rel}","templated":true}]}}