{"id":2525,"date":"2020-01-14T18:13:03","date_gmt":"2020-01-14T18:13:03","guid":{"rendered":"http:\/\/klimaandmore.de\/?p=2525"},"modified":"2020-01-14T18:13:07","modified_gmt":"2020-01-14T18:13:07","slug":"ja-es-ist-wirklich-der-mensch","status":"publish","type":"post","link":"https:\/\/klimaandmore.de\/?p=2525","title":{"rendered":"Ja, es ist wirklich der Mensch!"},"content":{"rendered":"\n<p>Nachdem wir in einem Vortrag \u00fcber den Klimawandel gesprochen hatten, stellte ein Zuh\u00f6rer die Frage, wie wir uns denn sicher sein k\u00f6nnten, dass der Anstieg der CO<sub>2<\/sub>-Konzentration in der Atmosph\u00e4re durch den Menschen verursacht sei. K\u00f6nnte doch auch andere Ursachen haben. Eine nicht ganz unberechtigte Frage. Denn w\u00e4re nicht der Mensch f\u00fcr den Anstieg an Kohlendioxid in der Atmosph\u00e4re verantwortlich, dann k\u00f6nnten wir auch nicht entsprechend gegen den Klimawandel vorgehen. Hier wollen wir kurz beleuchten, welche wissenschaftlichen Fakten eindeutig f\u00fcr einen Mensch-gemachten CO<sub>2<\/sub>-Anstieg sprechen und warum dies mit dem Verbrennen von \u00d6l, Gas und Kohle in Verbindung gebracht wird.<\/p>\n\n\n\n<!--more-->\n\n\n\n<p>Die Menge an Kohlendioxid in der Atmosph\u00e4re steigt bereits seit vielen Jahrzehnten kontinuierlich an. Vor Beginn des industriellen Zeitalters, welches mit der Erfindung der Dampfmaschine 1769 seinen Ausgang nahm und ab ca. 1800 richtig Fahrt aufgenommen hat, lag die CO<sub>2<\/sub>-Konzentrationen bei ca. 280 ppm; seitdem ist sie auf Werte von \u00fcber 400 ppm angestiegen. Dabei steht ppm f\u00fcr \u201eparts per million\u201c, also \u00fcbersetzt ein Teil von x (hier CO<sub>2<\/sub>) auf eine Millionen andere Teile (hier alle anderen Anteile der Luft). Welche Argumente sprechen daf\u00fcr, dass dieser Anstieg tats\u00e4chlich durch den Menschen verursacht wurde und wird?<\/p>\n\n\n\n<p>Beginnen wir mit einigen Argumenten aus der&nbsp;<strong>Chemie und Biologie<\/strong>: Verschiedene Elemente kommen in unterschiedlichen Varianten vor, der Chemiker spricht von Isotopen. So gibt es von Kohlenstoff ebenfalls verschiedene Isotope, wobei f\u00fcr uns die Isotopen&nbsp;<sup>12<\/sup>C,&nbsp;<sup>13<\/sup>C (und&nbsp;<sup>14<\/sup>C) relevant sind. Dementsprechend gibt es auch mehrere Varianten des CO<sub>2&nbsp;<\/sub>mit entsprechend unterschiedlichen Kohlenstoff-Isotopen. Pflanzen bevorzugen f\u00fcr ihren Stoffwechsel die Variante mit&nbsp;<sup>12<\/sup>C. Demzufolge wird bei der Fotosynthese, bei der f\u00fcr das Pflanzenwachstum aus CO<sub>2<\/sub>&nbsp;und Wasser Zucker produziert und dieser in der Folge in der Pflanze weiter verarbeitet und eingelagert wird, mehr&nbsp;<sup>12<\/sup>C als&nbsp;<sup>13<\/sup>C verwendet. Da fossile Brenntr\u00e4ger nichts anderes sind als abgestorbene Pflanzen, haben wir auch in diesen mehr von&nbsp;<sup>12<\/sup>C als von&nbsp;<sup>13<\/sup>C. Werden nun fossile Brennstoffe in gro\u00dfem Stil verfeuert, f\u00fchrt dies zu einer Ver\u00e4nderung des Isotopenverh\u00e4ltnisses des Kohlenstoffs im CO<sub>2<\/sub>&nbsp;in der Atmosph\u00e4re hin <strong>zu mehr <\/strong><sup><strong>12<\/strong><\/sup><strong>C<\/strong>, was sich messen und nachweisen l\u00e4sst. Da sich ein Teil des freigesetzten CO<sub>2<\/sub>&nbsp;in den Ozeanen l\u00f6st, kann man diese \u00c4nderung in der Zusammensetzung der Kohlenstoffisotope auch in den Kalkskeletten von Korallen nachweisen.<\/p>\n\n\n\n<p>Bei der Verbrennung fossiler Brennstoffe wird Sauerstoff ben\u00f6tigt, der in der Atmosph\u00e4re vorkommt. Durch das Verbrennen wird ein Teil dieses Sauerstoffs, wenn auch nur wenig, verbraucht und damit <strong>sinkt die Sauerstoffmenge<\/strong> in der Atmosph\u00e4re. Und auch diese Abnahme l\u00e4sst sich mit modernen Messger\u00e4ten nachweisen.&nbsp;<\/p>\n\n\n\n<p>\u00dcbrigens kann man die Menge des durch die Verbrennung von Kohle und Co freigesetzten CO<sub>2<\/sub>&nbsp;auch berechnen, wenn man die Gesamtmenge an \u00d6l, Gas und Kohle kennt, die insgesamt pro betrachteter Zeiteinheit (z.B. pro Jahr, Jahrzehnt, Jahrhundert) verbrannt wurde. Unter Ber\u00fccksichtigung der Tatsache, dass ein Teil des CO<sub>2<\/sub>&nbsp;vom Ozean aufgenommen wird, passen die bei dieser Berechnung erhaltenen Werte mit dem Anstieg der CO<sub>2<\/sub>-Menge in der Atmosph\u00e4re zusammen.&nbsp;<\/p>\n\n\n\n<p>In diesem Zusammenhang wird von Klimawandel-Skeptikern gerne auch das falsche Argument angebracht, der Anteil des Menschen am CO<sub>2<\/sub>-Aussto\u00df sei gering. Dabei handelt es sich um ein klassisches Beispiel des sogenannten \u201eRosinen pickens\u201c, also die Auswahl einzelner Fakten bei gleichzeitiger Unterschlagung bzw. Nichtber\u00fccksichtigung anderer Informationen. Wir hatten dieses Art der Argumentation bereits in einem anderen <a href=\"https:\/\/klimaandmore.de\/?p=2438\">Beitrag<\/a> auf diesem Blog eingef\u00fchrt. Betrachten wir dazu die nachfolgende Abbildung, die den sogenannten&nbsp;<strong>Kohlenstoffkreislauf<\/strong>&nbsp;f\u00fcr das erste Jahrzehnt dieses Jahrhunderts zusammenfasst. Dabei ist die Abbildung in zwei Teile gegliedert. Die linke Abbildung (A) zeigt ein unvollst\u00e4ndiges Bild des sogenannten Kohlenkraftstoffkreislaufs. Sie stellt dar, dass tats\u00e4chlich nur ein geringer Anteil des in die Atmosph\u00e4re abgegeben CO<sub>2<\/sub>&nbsp;durch das Verbrennen fossiler Brennstoffe und damit durch menschliche Aktivit\u00e4t verursacht wird. Unterschlagen wird dabei allerdings die Information, die wir im rechten Teil der Abbildung (B) sehen. Tats\u00e4chlich nehmen beispielsweise die Vegetation durch Photosynthese, die Erde \u00fcber Verwitterung von Gestein und die Ozeane deutlich mehr CO<sub>2<\/sub>&nbsp;auf, als sie selbst in die Atmosph\u00e4re abgeben.&nbsp;<\/p>\n\n\n\n<figure class=\"wp-block-image\"><img decoding=\"async\" loading=\"lazy\" width=\"934\" height=\"310\" src=\"https:\/\/klimaandmore.de\/wp-content\/uploads\/2020\/01\/image-2.png\" alt=\"\" class=\"wp-image-2528\" srcset=\"https:\/\/klimaandmore.de\/wp-content\/uploads\/2020\/01\/image-2.png 934w, https:\/\/klimaandmore.de\/wp-content\/uploads\/2020\/01\/image-2-300x100.png 300w, https:\/\/klimaandmore.de\/wp-content\/uploads\/2020\/01\/image-2-768x255.png 768w\" sizes=\"(max-width: 767px) 89vw, (max-width: 1000px) 54vw, (max-width: 1071px) 543px, 580px\" \/><figcaption><strong>Links (A): Unvollst\u00e4ndiger Kohlenstoffkreislauf. <\/strong>Gezeigt ist nur die durchschnittliche j\u00e4hrliche Freisetzung von CO<sub>2<\/sub>&nbsp;in die Atmosph\u00e4re im ersten Jahrzehnt des Jahrhunderts. Die Zahlen geben jeweils Giga Tonnen CO2, also Milliarden Tonnen. <strong>Rechts (B): Der vollst\u00e4ndige Kohlenstoffkreislau<\/strong>f zeigt, dass die nat\u00fcrlichen Quellen von CO<sub>2<\/sub>&nbsp;auch gleichzeitig CO<sub>2<\/sub>-Senken sind. Anmerkung: Die j\u00e4hrliche Freisetzung von CO<sub>2<\/sub>&nbsp;durch das Verbrennen fossiler Brenntr\u00e4ger ist zwischenzeitig weiter angewachsen. Die Zahlen beruhen auf Daten des Weltklimarats IPCC. In Anlehnung an: <a href=\"https:\/\/www.klimafakten.de\/behauptungen\/behauptung-die-co2-emissionen-des-menschen-sind-winzig\">https:\/\/www.klimafakten.de\/behauptungen\/behauptung-die-co2-emissionen-des-menschen-sind-winzig<\/a><br><\/figcaption><\/figure>\n\n\n\n<p>Man kann diese Tatsache noch anders zusammenfassen: Die durch den Menschen freigesetzte CO<sub>2<\/sub>-Menge betr\u00e4gt nur etwa 4% des insgesamt freigesetzten CO<sub>2<\/sub>, allerdings werden die 96% CO<sub>2<\/sub>&nbsp;aus nat\u00fcrlichen Quellen wieder aus der Atmosph\u00e4re entzogen.<\/p>\n\n\n\n<p><strong>Fazit:<\/strong>&nbsp;Eine ganze Reihe verschiedener und unabh\u00e4ngig voneinander erhobener wissenschaftlicher Fakten, die dar\u00fcber hinaus auf verschiedenen Messmethoden und Messgr\u00f6\u00dfen beruhen, weisen eindeutig nach, dass der Anstieg der CO<sub>2<\/sub>-Menge in der Atmosph\u00e4re durch das Verbrennen fossiler Brenntr\u00e4ger durch den Menschen hervorgerufen wird. In der Wissenschaft besteht hier\u00fcber kein Zweifel.&nbsp;<\/p>\n\n\n\n<p><strong>Weitere Literatur:<\/strong><\/p>\n\n\n\n<p>John Cook, Wissenschaftlicher Leitfaden zur Klimaskepsis. <a href=\"https:\/\/skepticalscience.com\/docs\/Guide_Skepticism_German.pdf\">PDF<\/a><\/p>\n","protected":false},"excerpt":{"rendered":"<p>Nachdem wir in einem Vortrag \u00fcber den Klimawandel gesprochen hatten, stellte ein Zuh\u00f6rer die Frage, wie wir uns denn sicher sein k\u00f6nnten, dass der Anstieg der CO2-Konzentration in der Atmosph\u00e4re durch den Menschen verursacht sei. K\u00f6nnte doch auch andere Ursachen haben. Eine nicht ganz unberechtigte Frage. Denn w\u00e4re nicht der Mensch f\u00fcr den Anstieg an &hellip; <\/p>\n<p class=\"link-more\"><a href=\"https:\/\/klimaandmore.de\/?p=2525\" class=\"more-link\"><span class=\"screen-reader-text\">\u201eJa, es ist wirklich der Mensch!\u201c<\/span> weiterlesen<\/a><\/p>\n","protected":false},"author":5,"featured_media":0,"comment_status":"closed","ping_status":"closed","sticky":false,"template":"","format":"standard","meta":{"spay_email":"","jetpack_publicize_message":"","jetpack_is_tweetstorm":false,"jetpack_publicize_feature_enabled":true},"categories":[12,8,93],"tags":[],"jetpack_featured_media_url":"","jetpack_publicize_connections":[],"jetpack_sharing_enabled":true,"jetpack_shortlink":"https:\/\/wp.me\/paMwRu-EJ","_links":{"self":[{"href":"https:\/\/klimaandmore.de\/index.php?rest_route=\/wp\/v2\/posts\/2525"}],"collection":[{"href":"https:\/\/klimaandmore.de\/index.php?rest_route=\/wp\/v2\/posts"}],"about":[{"href":"https:\/\/klimaandmore.de\/index.php?rest_route=\/wp\/v2\/types\/post"}],"author":[{"embeddable":true,"href":"https:\/\/klimaandmore.de\/index.php?rest_route=\/wp\/v2\/users\/5"}],"replies":[{"embeddable":true,"href":"https:\/\/klimaandmore.de\/index.php?rest_route=%2Fwp%2Fv2%2Fcomments&post=2525"}],"version-history":[{"count":11,"href":"https:\/\/klimaandmore.de\/index.php?rest_route=\/wp\/v2\/posts\/2525\/revisions"}],"predecessor-version":[{"id":2551,"href":"https:\/\/klimaandmore.de\/index.php?rest_route=\/wp\/v2\/posts\/2525\/revisions\/2551"}],"wp:attachment":[{"href":"https:\/\/klimaandmore.de\/index.php?rest_route=%2Fwp%2Fv2%2Fmedia&parent=2525"}],"wp:term":[{"taxonomy":"category","embeddable":true,"href":"https:\/\/klimaandmore.de\/index.php?rest_route=%2Fwp%2Fv2%2Fcategories&post=2525"},{"taxonomy":"post_tag","embeddable":true,"href":"https:\/\/klimaandmore.de\/index.php?rest_route=%2Fwp%2Fv2%2Ftags&post=2525"}],"curies":[{"name":"wp","href":"https:\/\/api.w.org\/{rel}","templated":true}]}}