{"id":2925,"date":"2020-04-02T19:56:56","date_gmt":"2020-04-02T19:56:56","guid":{"rendered":"http:\/\/klimaandmore.de\/?p=2925"},"modified":"2020-05-15T11:43:23","modified_gmt":"2020-05-15T11:43:23","slug":"mach-mit-aktion-mein-beitrag-zur-artenvielfalt","status":"publish","type":"post","link":"https:\/\/klimaandmore.de\/?p=2925","title":{"rendered":"Mach mit! Aktion \u201eMein Beitrag zur Artenvielfalt!\u201c"},"content":{"rendered":"\n<p>Der Fr\u00fchling hat begonnen und die Natur erwacht aus ihrem Winterschlaf. An vielen Stellen sprie\u00dfen die bunten Bl\u00fcten hervor, die nach und nach auch von summenden Bienen, Hummeln oder Schmetterlingen besucht werden. Fr\u00f6hliches Vogelgezwitscher begleitet uns auf unseren Spazierg\u00e4ngen in der Natur.<\/p>\n\n\n\n<figure class=\"wp-block-image\"><img decoding=\"async\" loading=\"lazy\" width=\"1024\" height=\"337\" src=\"https:\/\/klimaandmore.de\/wp-content\/uploads\/2020\/04\/Artenvielfalt3-1024x337.png\" alt=\"\" class=\"wp-image-2931\" srcset=\"https:\/\/klimaandmore.de\/wp-content\/uploads\/2020\/04\/Artenvielfalt3-1024x337.png 1024w, https:\/\/klimaandmore.de\/wp-content\/uploads\/2020\/04\/Artenvielfalt3-300x99.png 300w, https:\/\/klimaandmore.de\/wp-content\/uploads\/2020\/04\/Artenvielfalt3-768x252.png 768w\" sizes=\"(max-width: 767px) 89vw, (max-width: 1000px) 54vw, (max-width: 1071px) 543px, 580px\" \/><\/figure>\n\n\n\n<p>Vielleicht habt Ihr Euch die Tage auch schon \u00fcberlegt, Euren Balkon, den (Vor-)Garten, die Hausfassade oder das Dach in eine gr\u00fcne oder bunt-bl\u00fchende Fl\u00e4che zu verwandeln? Dann ran an die Umsetzung! Tipps f\u00fcr die St\u00e4rkung der einheimischen Artenvielfalt findet Ihr in unserem Beitrag zur <a href=\"https:\/\/klimaandmore.de\/?p=1692\">7-Tage-Artenvielfaltkur<\/a> oder im \u201e<a href=\"https:\/\/wir-tun-was-fuer-bienen.de\/files\/media\/broschuere_wir-tun-was-fuer-bienen_einzelseiten.pdf\">Ratgeber<\/a> f\u00fcr bienenfreundliches G\u00e4rtnern\u201c. Wir freuen uns \u00fcber Eure kleinen Berichte zur Ver\u00f6ffentlichung in unserer Macht mit!-Rubrik &#8222;<a href=\"https:\/\/klimaandmore.de\/?page_id=2920\">Mein Betrag zur Artenvielfalt!<\/a>\u201c auf diesem Blog &#8211; gerne auch mit Fotos (z.B. vorher\/nachher). Egal, ob Ihr ein kleines Fleckchen auf Eurem Balkon, Euren Rasen oder eine Schotterfl\u00e4che verwandelt, jeder Beitrag zur St\u00e4rkung der Artenvielfalt z\u00e4hlt! Wir sind gespannt auf Eure Einsendungen unter susanne.kuehl@klimaandmore.de. Eure Familie K\u00fchl<\/p>\n","protected":false},"excerpt":{"rendered":"<p>Der Fr\u00fchling hat begonnen und die Natur erwacht aus ihrem Winterschlaf. An vielen Stellen sprie\u00dfen die bunten Bl\u00fcten hervor, die nach und nach auch von summenden Bienen, Hummeln oder Schmetterlingen besucht werden. Fr\u00f6hliches Vogelgezwitscher begleitet uns auf unseren Spazierg\u00e4ngen in der Natur. Vielleicht habt Ihr Euch die Tage auch schon \u00fcberlegt, Euren Balkon, den (Vor-)Garten, &hellip; <\/p>\n<p class=\"link-more\"><a href=\"https:\/\/klimaandmore.de\/?p=2925\" class=\"more-link\"><span class=\"screen-reader-text\">\u201eMach mit! Aktion \u201eMein Beitrag zur Artenvielfalt!\u201c\u201c<\/span> weiterlesen<\/a><\/p>\n","protected":false},"author":5,"featured_media":0,"comment_status":"closed","ping_status":"closed","sticky":false,"template":"","format":"standard","meta":{"spay_email":"","jetpack_publicize_message":"","jetpack_is_tweetstorm":false,"jetpack_publicize_feature_enabled":true},"categories":[88],"tags":[],"jetpack_featured_media_url":"","jetpack_publicize_connections":[],"jetpack_sharing_enabled":true,"jetpack_shortlink":"https:\/\/wp.me\/paMwRu-Lb","_links":{"self":[{"href":"https:\/\/klimaandmore.de\/index.php?rest_route=\/wp\/v2\/posts\/2925"}],"collection":[{"href":"https:\/\/klimaandmore.de\/index.php?rest_route=\/wp\/v2\/posts"}],"about":[{"href":"https:\/\/klimaandmore.de\/index.php?rest_route=\/wp\/v2\/types\/post"}],"author":[{"embeddable":true,"href":"https:\/\/klimaandmore.de\/index.php?rest_route=\/wp\/v2\/users\/5"}],"replies":[{"embeddable":true,"href":"https:\/\/klimaandmore.de\/index.php?rest_route=%2Fwp%2Fv2%2Fcomments&post=2925"}],"version-history":[{"count":9,"href":"https:\/\/klimaandmore.de\/index.php?rest_route=\/wp\/v2\/posts\/2925\/revisions"}],"predecessor-version":[{"id":3021,"href":"https:\/\/klimaandmore.de\/index.php?rest_route=\/wp\/v2\/posts\/2925\/revisions\/3021"}],"wp:attachment":[{"href":"https:\/\/klimaandmore.de\/index.php?rest_route=%2Fwp%2Fv2%2Fmedia&parent=2925"}],"wp:term":[{"taxonomy":"category","embeddable":true,"href":"https:\/\/klimaandmore.de\/index.php?rest_route=%2Fwp%2Fv2%2Fcategories&post=2925"},{"taxonomy":"post_tag","embeddable":true,"href":"https:\/\/klimaandmore.de\/index.php?rest_route=%2Fwp%2Fv2%2Ftags&post=2925"}],"curies":[{"name":"wp","href":"https:\/\/api.w.org\/{rel}","templated":true}]}}