{"id":3693,"date":"2021-03-15T14:06:13","date_gmt":"2021-03-15T14:06:13","guid":{"rendered":"http:\/\/klimaandmore.de\/?p=3693"},"modified":"2021-03-15T14:06:13","modified_gmt":"2021-03-15T14:06:13","slug":"unsere-sack-challenge-teil-2-wieviel-plastikmuell-entsteht-in-einer-deutschen-durchschnittsfamilie","status":"publish","type":"post","link":"https:\/\/klimaandmore.de\/?p=3693","title":{"rendered":"Unsere Sack-Challenge Teil 2: Wieviel Plastikm\u00fcll entsteht in einer deutschen Durchschnittsfamilie?"},"content":{"rendered":"\n<p>Nach nunmehr 10 Wochen Sack-Challenge und 5 Abfuhrterminen liegen unsere ersten Plastikm\u00fcll-Messungen vor. Wieviel Plastikm\u00fcll produzieren unsere beiden Familien innerhalb von zwei Wochen? Was haben wir unternommen, um unser Plastikaufkommen zu reduzieren? Was waren die H\u00fcrden, was die Erfolge? Hier erfahrt Ihr mehr&#8230;<\/p>\n\n\n\n<!--more-->\n\n\n\n<p>Zun\u00e4chst stellte sich uns die Frage,\u00a0<strong>wie schwer ein durchschnittlich gef\u00fcllter gelber Sack eigentlich ist.<\/strong> M\u00fcllbeh\u00e4lter werden allgemeinhin mit Volumenangaben versehen. So fasst ein gelber Sack offiziell 90 Liter. Realistisch ist jedoch die Annahme, dass ein Sack <a href=\"https:\/\/m\u00fclleimer-abfalleimer.de\/reissfestigkeit-und-volumen-der-gelbe-sack\/\">60 bis 80 Liter Verpackungsabfall<\/a> umfasst. Da das statistische Landesamt f\u00fcr Kunststoffe ein <a href=\"https:\/\/www.statistik-bw.de\/DatenMelden\/Formularservice\/33_A_Umrechnungsfaktoren.pdf#search=33_umrechnungsfaktoren\">Gewicht von 0,03 kg pro Liter<\/a> angibt, betr\u00e4gt das Durchschnittsgewicht eines vollgef\u00fcllten gelben Sacks 1,8 bis 2,7 kg. Die Firma Nehlsen gibt in einem <a href=\"https:\/\/www.nord24.de\/wesermarsch\/Plastikmuell-wird-auch-in-der-Wesermarsch-zunehmend-zu-18157.html\">Pressebericht<\/a> an, dass ein gelber Sack zwischen 1,5 und 2 kg wiegt. So haben haben wir selbst auch mal zwei S\u00e4cke zu ca. drei Viertel mit \u00fcblichem Haushaltsplastikm\u00fcll locker gepackt. Unsere Messung ergab ziemlich genau 1 kg pro Sack (Abb. 1). Dies zeigt, dass das genaue Gewicht logischerweise von der Packungsdichte abh\u00e4ngt. Da unsere Vergleichss\u00e4cke sehr locker gepackt und nicht komplett gef\u00fcllt waren, best\u00e4tigt unsere Messung die Angaben der M\u00fcllfirma.\u00a0<strong>Als Vergleichswert f\u00fcr unsere Challenge haben wir daher 1,5 kg pro Sack angenommen<\/strong>\u00a0&#8211; die Mitte zwischen 1 (unsere Messung) und 2 kg (obere Grenze der Angabe der M\u00fcllfirma). Da wir fr\u00fcher alle zwei Wochen jeweils 2 S\u00e4cke vor die T\u00fcr gestellt haben, gehen wir als Ausgangs- und Vergleichswert f\u00fcr bis 2019 von 3 kg (Familie K\u00fchl) und 2,5 kg (Familie Aigle) aus. Und ja, wir gestehen: das ist keine wissenschaftliche Messung mit mehreren Messpunkten und einem Mittelwert \u2013 dennoch soll uns das f\u00fcr unsere spielerische Challenge gen\u00fcgen.<\/p>\n\n\n\n<figure class=\"wp-block-image size-large\"><img decoding=\"async\" loading=\"lazy\" width=\"1024\" height=\"515\" src=\"https:\/\/klimaandmore.de\/wp-content\/uploads\/2021\/03\/Gelbe_Vergleich-1024x515.png\" alt=\"\" class=\"wp-image-3694\" srcset=\"https:\/\/klimaandmore.de\/wp-content\/uploads\/2021\/03\/Gelbe_Vergleich-1024x515.png 1024w, https:\/\/klimaandmore.de\/wp-content\/uploads\/2021\/03\/Gelbe_Vergleich-300x151.png 300w, https:\/\/klimaandmore.de\/wp-content\/uploads\/2021\/03\/Gelbe_Vergleich-768x386.png 768w, https:\/\/klimaandmore.de\/wp-content\/uploads\/2021\/03\/Gelbe_Vergleich-1536x772.png 1536w, https:\/\/klimaandmore.de\/wp-content\/uploads\/2021\/03\/Gelbe_Vergleich.png 1591w\" sizes=\"(max-width: 767px) 89vw, (max-width: 1000px) 54vw, (max-width: 1071px) 543px, 580px\" \/><figcaption><strong>Abb. 1:<\/strong>\u00a0Unsere gelben S\u00e4cke fr\u00fcher (bis 2019) und heute (2021). Damals hatten wir alle zwei Wochen 2 gut gef\u00fcllte S\u00e4cke pro Familie mit einem Gesamtgewicht von ca. 3 kg (1,5 kg pro Sack). Heute kommt noch nicht mal ein ganzer Sack pro Familie zusammen. Rechts zeigt eine Gewichtsmessung eines unserer gelben S\u00e4cke.<\/figcaption><\/figure>\n\n\n\n<p>Weiterhin haben wir uns gefragt,\u00a0<strong>wie viel Plastikm\u00fcll in Deutschland im Durchschnitt <\/strong>pro Kopf und Jahr \u00fcberhaupt <strong>anf\u00e4llt.<\/strong>\u00a0Laut Umweltbundesamt lag der durchschnittliche Plastikm\u00fcllanfall f\u00fcr Privatpersonen in 2018 bei knapp <a href=\"https:\/\/www.umweltbundesamt.de\/presse\/pressemitteilungen\/verpackungsverbrauch-in-deutschland-weiterhin-sehr\">25 kg pro Kopf und Jahr<\/a>. F\u00fcr eine 4-k\u00f6pfige Familie sind das etwa 100 kg pro Jahr, was ca. 50-65 gelbe S\u00e4cken pro Jahr entsprechen, wieder je nach F\u00fcllgrad.\u00a0Bei 2-w\u00f6chiger Abfuhr ergeben sich dann im Schnitt <strong>2 volle S\u00e4cke pro Termin mit ca. 3-4 kg Gesamtgewicht.\u00a0<\/strong>Dies passt zu unseren vergangenen Erfahrungen, denn auch wir haben vor einigen Jahren noch meist 2 gelbe S\u00e4cke pro Familie vor die T\u00fcr gestellt &#8211; nicht ganz voll, was wieder den oben genannten 2,5-3 kg Plastikm\u00fcll pro Familie und Abholtermin bedeutet.\u00a0<\/p>\n\n\n\n<p><strong>Wieviel Plastikm\u00fcll  haben wir im Moment? Was haben wir unternommen, um unseren Plastikm\u00fcll zu reduzieren?<\/strong><\/p>\n\n\n\n<p><strong>Familie Aigle:<\/strong>\u00a0Joghurt und Milch hatten wir fr\u00fcher auch schon oftmals in der Pfandfasche, haben aber hin und wieder doch wieder auf Tetrapack bzw. Becher zur\u00fcckgegriffen. Seit gut 2 Jahren werden wir regelm\u00e4\u00dfig mit unserer Gem\u00fcsebox beliefert &#8211; mit frischer Bio-Milch und Bio-Joghurt im Pfandglas. Das war bereits ein wichtiger Schritt, um Tetrapacks und Joghurtbecher zu vermeiden. Auch Quark und Sahne gibt es in manchen Superm\u00e4rkten im Mehrweg-Glas. Im Rahmen der Challenge sind wir jetzt noch einen Schritt weiter gegangen und kaufen nun konsequent im <a href=\"http:\/\/www.unverpackt-vollgepackt.de\">Unverpacktladen<\/a> oder auf dem Wochenmarkt ein. Vom M\u00fcsli \u00fcber N\u00fcsse und Trockenfr\u00fcchte bis hin zu Nudeln und Schokolade und Knabbereien gibt es jetzt alles im selbst mitgebrachten Beh\u00e4ltnis (Abb. 2). Ebenso sind wir vom Duschgel aus der Plastikflasche auf die traditionelle Handseife umgestiegen und f\u00fchlen uns wohl damit in unserer Haut.\u00a0<\/p>\n\n\n\n<p><strong>Familie K\u00fchl:<\/strong>\u00a0Wir haben ja bereits vor einigen Jahren begonnen, Plastikm\u00fcll zu vermeiden. Aber ehrlich gesagt sind wir an manchen Stellen etwas nachl\u00e4ssig geworden. Hin und wieder konnten wir nicht widerstehen und haben dann doch zu beispielsweise den Gummib\u00e4rchen in der Plastikt\u00fcte gegriffen. Durch die Challenge sind wir nun angespornt, wieder etwas mehr Acht zu geben, was und wie wir einkaufen. Gleichzeitig sind wir froh, seit Neuestem in unserer N\u00e4he den mobilen <a href=\"http:\/\/www.unverpackt-vollgepackt.de\">Unverpackt-Vollgepackt-Laden<\/a> zu haben. Nun sind wir sehr gespannt auf das Gewicht unseres Plastikm\u00fclls&#8230;.\u00a0<\/p>\n\n\n\n<p>Schon bei den ersten 5 Terminen war klar, dass unsere beiden Familien in ihrem Plastik-M\u00fcllaufkommen dicht an dicht liegen (Abb. 2). Beide hatten pro Termin einen halben bis drei Viertel locker gef\u00fcllten Sack vorzuweisen. Doch was zeigte das Gewicht auf der Federwage an? Diese lagen im Bereich von 470 bis 850 g pro Sack, was sehr gut zur \u00e4u\u00dferen Beobachtung passt. Insgesamt sind in diesem Zeitraum bei Familie K\u00fchl 3000 g, bei Familie Aigle 3530 g Plastikm\u00fcll angefallen. Damit liegt Familie K\u00fchl mit einem Vorsprung von 530 g in F\u00fchrung.\u00a0<\/p>\n\n\n\n<figure class=\"wp-block-image size-large\"><img decoding=\"async\" loading=\"lazy\" width=\"1024\" height=\"662\" src=\"https:\/\/klimaandmore.de\/wp-content\/uploads\/2021\/03\/Plastik_Diagramm-1024x662.png\" alt=\"\" class=\"wp-image-3695\" srcset=\"https:\/\/klimaandmore.de\/wp-content\/uploads\/2021\/03\/Plastik_Diagramm-1024x662.png 1024w, https:\/\/klimaandmore.de\/wp-content\/uploads\/2021\/03\/Plastik_Diagramm-300x194.png 300w, https:\/\/klimaandmore.de\/wp-content\/uploads\/2021\/03\/Plastik_Diagramm-768x496.png 768w, https:\/\/klimaandmore.de\/wp-content\/uploads\/2021\/03\/Plastik_Diagramm-1536x993.png 1536w, https:\/\/klimaandmore.de\/wp-content\/uploads\/2021\/03\/Plastik_Diagramm.png 1866w\" sizes=\"(max-width: 767px) 89vw, (max-width: 1000px) 54vw, (max-width: 1071px) 543px, 580px\" \/><figcaption><strong>Abb. 2:\u00a0<\/strong>Sack-Gewicht in Gramm. Eine 4-k\u00f6pfige Durchschnittsfamilie produziert Plastikm\u00fcll von ca. 4 kg pro Abfuhrtermin im 2-Wochen Rhythmus. Bis 2019 haben sich bei Familie K\u00fchl ca. 3 kg, bei Familie Aigle 2,5 kg Plastikm\u00fcll innerhalb von 2 Wochen angesammelt. Die ersten Ergebnisse aus der Sack-Challenge in 2021 zeigen, dass beide Familien ca. 70-80% ihres Plastikm\u00fclls reduzieren konnten. Das Foto zeigt einen Einkauf der Familie Aigle im mobilen Unverpackt Laden.<\/figcaption><\/figure>\n\n\n\n<p>Dies zeigt, dass wir durch relativ einfache Ma\u00dfnahmen 70-80% unseres Plastikm\u00fclls reduzieren konnten. Die verbleibenden 30-20% wegzubekommen stellt nun eine gro\u00dfe Herausforderung dar. Im n\u00e4chsten Bericht zum Abschluss der Challenge m\u00f6chten wir darauf eingehen, in welchen Lebensbereichen nach wie vor Plastikm\u00fcll anf\u00e4llt und wie schwer es ist, sein eigenes Konsumverhalten so zu ver\u00e4ndern, dass kaum bis kein Plastikm\u00fcll entsteht. Und wie sieht es mit Kosten, Zeit und Aufwand beim Einkauf aus? Und: Gibt es noch Luft nach unten? K\u00f6nnen die Familien Ihren M\u00fcll noch weiter reduzieren? Wird Familie Aigle den leichten R\u00fcckstand aufholen k\u00f6nnen&#8230;?\u00a0<\/p>\n\n\n\n<p><strong>Weitere Folgen<\/strong><\/p>\n\n\n\n<p>Sack-Challenge Teil 1 <a href=\"https:\/\/klimaandmore.de\/?p=3667\">hier<\/a>\u00a0<\/p>\n","protected":false},"excerpt":{"rendered":"<p>Nach nunmehr 10 Wochen Sack-Challenge und 5 Abfuhrterminen liegen unsere ersten Plastikm\u00fcll-Messungen vor. Wieviel Plastikm\u00fcll produzieren unsere beiden Familien innerhalb von zwei Wochen? Was haben wir unternommen, um unser Plastikaufkommen zu reduzieren? Was waren die H\u00fcrden, was die Erfolge? Hier erfahrt Ihr mehr&#8230;<\/p>\n","protected":false},"author":4,"featured_media":0,"comment_status":"closed","ping_status":"closed","sticky":false,"template":"","format":"standard","meta":{"spay_email":"","jetpack_publicize_message":"","jetpack_is_tweetstorm":false,"jetpack_publicize_feature_enabled":true},"categories":[2,88],"tags":[],"jetpack_featured_media_url":"","jetpack_publicize_connections":[],"jetpack_sharing_enabled":true,"jetpack_shortlink":"https:\/\/wp.me\/paMwRu-Xz","_links":{"self":[{"href":"https:\/\/klimaandmore.de\/index.php?rest_route=\/wp\/v2\/posts\/3693"}],"collection":[{"href":"https:\/\/klimaandmore.de\/index.php?rest_route=\/wp\/v2\/posts"}],"about":[{"href":"https:\/\/klimaandmore.de\/index.php?rest_route=\/wp\/v2\/types\/post"}],"author":[{"embeddable":true,"href":"https:\/\/klimaandmore.de\/index.php?rest_route=\/wp\/v2\/users\/4"}],"replies":[{"embeddable":true,"href":"https:\/\/klimaandmore.de\/index.php?rest_route=%2Fwp%2Fv2%2Fcomments&post=3693"}],"version-history":[{"count":5,"href":"https:\/\/klimaandmore.de\/index.php?rest_route=\/wp\/v2\/posts\/3693\/revisions"}],"predecessor-version":[{"id":3700,"href":"https:\/\/klimaandmore.de\/index.php?rest_route=\/wp\/v2\/posts\/3693\/revisions\/3700"}],"wp:attachment":[{"href":"https:\/\/klimaandmore.de\/index.php?rest_route=%2Fwp%2Fv2%2Fmedia&parent=3693"}],"wp:term":[{"taxonomy":"category","embeddable":true,"href":"https:\/\/klimaandmore.de\/index.php?rest_route=%2Fwp%2Fv2%2Fcategories&post=3693"},{"taxonomy":"post_tag","embeddable":true,"href":"https:\/\/klimaandmore.de\/index.php?rest_route=%2Fwp%2Fv2%2Ftags&post=3693"}],"curies":[{"name":"wp","href":"https:\/\/api.w.org\/{rel}","templated":true}]}}