{"id":4606,"date":"2023-09-17T17:47:44","date_gmt":"2023-09-17T17:47:44","guid":{"rendered":"https:\/\/klimaandmore.de\/?p=4606"},"modified":"2023-09-17T17:48:30","modified_gmt":"2023-09-17T17:48:30","slug":"interview-mit-susanne-bei-radio-freefm","status":"publish","type":"post","link":"https:\/\/klimaandmore.de\/?p=4606","title":{"rendered":"<strong>Interview mit Susanne bei Radio FreeFM\u00a0<\/strong>"},"content":{"rendered":"\n<p>Im September 2023 wurde Susanne von Radio Free FM zu ihrer Forschung an der Universit\u00e4t Ulm interviewt.\u00a0<\/p>\n\n\n\n<p>Das Interview gliedert sich in drei Abschnitte:<\/p>\n\n\n\n<p>In&nbsp;<strong>Teil 1<\/strong>&nbsp;geht es um die Forschung im Bereich der Entwicklungsbiologie anhand des etablierten Modellorganismus, dem S\u00fcdafrikanischen Krallenfrosch. Im Speziellen erl\u00e4utert Susanne ihre aktuellen Projekte zur Entschl\u00fcsselung&nbsp;molekularer Mechanismen neuroentwicklungsbiologischer Erberkrankungen.&nbsp;<\/p>\n\n\n\n<p>In&nbsp;<strong>Teil 2<\/strong>&nbsp;spricht sie \u00fcber ihre aktuellen Toxikologie-Studien. Der Schwerpunkt liegt auf dem Einfluss von Pestiziden, insbesondere Glyphosat, auf die fr\u00fche Embryonalentwicklung der Kaulquappe.&nbsp;<\/p>\n\n\n\n<p><strong>Teil 3<\/strong>&nbsp;gibt einen Einblick in die aktuelle gesellschaftliche Diskussion im Bereich der Umweltkommunikation.&nbsp;<\/p>\n\n\n\n<p>Lieben Dank f\u00fcr das Interesse an unserer Forschung und viel Spa\u00df beim Reinh\u00f6ren.<\/p>\n\n\n\n<p>Link zum Interview: <a href=\"https:\/\/www.freefm.de\/artikel\/prof-dr-susanne-k\u00fchl\">https:\/\/www.freefm.de\/artikel\/prof-dr-susanne-k\u00fchl<\/a><\/p>\n","protected":false},"excerpt":{"rendered":"<p>Im September 2023 wurde Susanne von Radio Free FM zu ihrer Forschung an der Universit\u00e4t Ulm interviewt.\u00a0 Das Interview gliedert sich in drei Abschnitte: In&nbsp;Teil 1&nbsp;geht es um die Forschung im Bereich der Entwicklungsbiologie anhand des etablierten Modellorganismus, dem S\u00fcdafrikanischen Krallenfrosch. Im Speziellen erl\u00e4utert Susanne ihre aktuellen Projekte zur Entschl\u00fcsselung&nbsp;molekularer Mechanismen neuroentwicklungsbiologischer Erberkrankungen.&nbsp; In&nbsp;Teil 2&nbsp;spricht &hellip; <\/p>\n<p class=\"link-more\"><a href=\"https:\/\/klimaandmore.de\/?p=4606\" class=\"more-link\"><span class=\"screen-reader-text\">\u201e<strong>Interview mit Susanne bei Radio FreeFM\u00a0<\/strong>\u201c<\/span> weiterlesen<\/a><\/p>\n","protected":false},"author":4,"featured_media":0,"comment_status":"closed","ping_status":"closed","sticky":false,"template":"","format":"standard","meta":{"spay_email":"","jetpack_publicize_message":"","jetpack_is_tweetstorm":false,"jetpack_publicize_feature_enabled":true},"categories":[95,10,92],"tags":[],"jetpack_featured_media_url":"","jetpack_publicize_connections":[],"jetpack_sharing_enabled":true,"jetpack_shortlink":"https:\/\/wp.me\/paMwRu-1ci","_links":{"self":[{"href":"https:\/\/klimaandmore.de\/index.php?rest_route=\/wp\/v2\/posts\/4606"}],"collection":[{"href":"https:\/\/klimaandmore.de\/index.php?rest_route=\/wp\/v2\/posts"}],"about":[{"href":"https:\/\/klimaandmore.de\/index.php?rest_route=\/wp\/v2\/types\/post"}],"author":[{"embeddable":true,"href":"https:\/\/klimaandmore.de\/index.php?rest_route=\/wp\/v2\/users\/4"}],"replies":[{"embeddable":true,"href":"https:\/\/klimaandmore.de\/index.php?rest_route=%2Fwp%2Fv2%2Fcomments&post=4606"}],"version-history":[{"count":1,"href":"https:\/\/klimaandmore.de\/index.php?rest_route=\/wp\/v2\/posts\/4606\/revisions"}],"predecessor-version":[{"id":4607,"href":"https:\/\/klimaandmore.de\/index.php?rest_route=\/wp\/v2\/posts\/4606\/revisions\/4607"}],"wp:attachment":[{"href":"https:\/\/klimaandmore.de\/index.php?rest_route=%2Fwp%2Fv2%2Fmedia&parent=4606"}],"wp:term":[{"taxonomy":"category","embeddable":true,"href":"https:\/\/klimaandmore.de\/index.php?rest_route=%2Fwp%2Fv2%2Fcategories&post=4606"},{"taxonomy":"post_tag","embeddable":true,"href":"https:\/\/klimaandmore.de\/index.php?rest_route=%2Fwp%2Fv2%2Ftags&post=4606"}],"curies":[{"name":"wp","href":"https:\/\/api.w.org\/{rel}","templated":true}]}}