{"id":913,"date":"2019-03-25T21:26:08","date_gmt":"2019-03-25T21:26:08","guid":{"rendered":"http:\/\/klimaandmore.de\/?p=913"},"modified":"2019-11-25T12:30:00","modified_gmt":"2019-11-25T12:30:00","slug":"sonne-und-wind-als-trockner","status":"publish","type":"post","link":"https:\/\/klimaandmore.de\/?p=913","title":{"rendered":"Sonne und Wind als Trockner"},"content":{"rendered":"\n<div class=\"wp-block-image\"><figure class=\"aligncenter is-resized\"><img decoding=\"async\" loading=\"lazy\" src=\"https:\/\/klimaandmore.de\/wp-content\/uploads\/2019\/03\/Trockner.png\" alt=\"\" class=\"wp-image-914\" width=\"600\" height=\"162\" srcset=\"https:\/\/klimaandmore.de\/wp-content\/uploads\/2019\/03\/Trockner.png 1016w, https:\/\/klimaandmore.de\/wp-content\/uploads\/2019\/03\/Trockner-300x81.png 300w, https:\/\/klimaandmore.de\/wp-content\/uploads\/2019\/03\/Trockner-768x209.png 768w\" sizes=\"(max-width: 600px) 100vw, 600px\" \/><\/figure><\/div>\n\n\n\n<p>Heute widmen wir uns erneut der Reduktion unseres pers\u00f6nlichen CO<sub>2<\/sub>&nbsp;Fussabdrucks. \u00dcber den Wechsel zum gr\u00fcnen&nbsp;<a href=\"https:\/\/klimaandmore.de\/?p=224\">Strom<\/a>&nbsp;haben wir bereits 0,375 t CO<sub>2<\/sub>&nbsp;pro Jahr und Person gespart, mit der Nutzung des&nbsp;<a href=\"https:\/\/klimaandmore.de\/?p=376\">Pedelecs<\/a>&nbsp;kommen wir auf 0,19 t CO<sub>2<\/sub>&nbsp;pro Jahr und Person, \u00fcber die Umstellung unserer <a href=\"https:\/\/klimaandmore.de\/?p=608\">Ern\u00e4hrung<\/a> schaffen wir 0,17 t CO<sub>2<\/sub>&nbsp;pro Jahr und Person. Insgesamt haben wir also bereits um die 0,735 t CO<sub>2<\/sub>&nbsp;pro Jahr und Person eingespart. Heute wollen wir uns der <strong>Energieeinsparung bei unserer W\u00e4sche<\/strong> zuwenden&#8230;.<\/p>\n\n\n\n<!--more-->\n\n\n\n<p>Bis unsere Kinder auf die Welt kamen, haben wir unsere W\u00e4sche in der Wohnung oder auf unserem Balkon luftgetrocknet. Als unsere Familie dann pl\u00f6tzlich von 2 auf 4 wuchs, haben wir uns einen W\u00e4schetrockner angeschafft \u2013 um den W\u00e4schebergen \u00fcberhaupt Herr zu werden, unser rasantes Leben ein wenig zu entschleunigen und auch um es etwas bequemer zu gestalten.<\/p>\n\n\n\n<p>Jetzt haben wir uns auf der Suche nach M\u00f6glichkeiten zur Stromeinsparung (und damit auch Energieeinsparung) \u00fcber unseren W\u00e4schetrockner Gedanken gemacht. Den reduzierten Gebrauch dieses Ger\u00e4ts haben wir als eine gute M\u00f6glichkeit identifiziert, Energie einzusparen. So haben wir uns jetzt eine W\u00e4schespinne f\u00fcr unseren kleinen Garten gekauft. Sinnvoll, da wir im Moment weder \u00fcber zu wenig Sonne, noch \u00fcber zu wenig Wind klagen k\u00f6nnen.&nbsp;<\/p>\n\n\n\n<p>Wenn wir jetzt die Ersparnisse an Energie einerseits und Geld andererseits hochrechnen, kommen wir auf folgende Zahlen:<\/p>\n\n\n\n<p>Bei Anpassung unserer Waschg\u00e4nge ans Wetter k\u00f6nnen wir von Mitte M\u00e4rz bis Mitte Oktober \u2013 das sind 31 Wochen &#8211; einen Gro\u00dfteil unserer W\u00e4sche an der Luft trocknen. Im Schnitt waschen wir 5 Waschmaschinen in der Woche mit entsprechend vielen Trocknereins\u00e4tzen. Ein Blick in die Anleitung des Ger\u00e4ts zeigt, in welchen Gr\u00f6\u00dfenordnungen das Ganze abl\u00e4uft. Je nach Schleudergrad der W\u00e4sche verbraucht das Ger\u00e4t pro Trocknungsgang zwischen 1,5 und 2 kW\/h. Zudem rechnen wir mit einem Strompreis von 30 Cent pro kW\/h (genau genommen sind es bei uns unter Ber\u00fccksichtigung des Grundpreises 29 Cent).<\/p>\n\n\n\n<p>Wenn wir mit dem kleineren Wert von 1,5 kW\/h rechnen, ergibt sich pro Jahr folgende Ersparnis:<\/p>\n\n\n\n<p>31 Wochen x 5 Maschinen x 1,5 kW\/h = 232,5 kW\/h&nbsp;<\/p>\n\n\n\n<p>232,5 kW\/h x 30 Cent = <strong>69,75 Euro<\/strong><\/p>\n\n\n\n<p>Mit dem gr\u00f6\u00dferen Wert von 2 kW\/h erhalten wir:<\/p>\n\n\n\n<p>31 Wochen x 5 Maschinen x 2 kW\/h = 310 kW\/h&nbsp;<\/p>\n\n\n\n<p>310 kW\/h x 30 Cent = <strong>93 Euro<\/strong><\/p>\n\n\n\n<p>Irgendwo zwischen diesen Werten liegt also unsere Geldersparnis, wenn wir im Fr\u00fchjahr, Sommer und Herbst den W\u00e4schetrockner ruhen lassen.&nbsp;<\/p>\n\n\n\n<p>Die W\u00e4schespinne mit D\u00fcbel f\u00fcr den Boden hat uns 140 Euro gekostet. Somit haben wir diese Anschaffungskosten nach 2 Jahren wieder drin und sind damit dann finanziell gesehen wieder ins Plus. Wenn wir von einer Lebensdauer der W\u00e4schespinne von 10-15 Jahren ausgehen, kommen wir so am Ende auf eine Ersparnis von insgesamt 1000 Euro. Und wer es etwas kleiner und g\u00fcnstiger mag, kann nat\u00fcrlich den klassischen, faltbaren W\u00e4schest\u00e4nder f\u00fcr 10 und 50 Euro nehmen.<\/p>\n\n\n\n<p>Auch f\u00fcr den CO<sub>2<\/sub>Fu\u00dfabdruck kann man so einen kleinen, aber wichtigen Beitrag leisten: Wer mit dem deutschen Strommix den Trockner betreibt, kommt so auf eine Einsparung von 40 kg CO<sub>2<\/sub>pro Jahr. Klingt erstmal sehr wenig, aber wenn dem Beispiel in Deutschland sagen wir mal 1 Millionen Haushalte folgen w\u00fcrden, w\u00e4ren das schlappe 40.000 Tonnen CO<sub>2<\/sub>pro Jahr. Laut Statistischen Bundesamt haben wir in Deutschland in etwa 40% der Haushalte einen W\u00e4schetrockner, in Zahlen: 17 <a href=\"https:\/\/www.destatis.de\/DE\/Themen\/Gesellschaft-Umwelt\/Einkommen-Konsum-Lebensbedingungen\/Ausstattung-Gebrauchsgueter\/Tabellen\/liste-gebietsstaende-haushaltsgeraete.htm\">Millionen<\/a>. Wenn nur die H\u00e4lfte der Haushalte sich \u00e4hnlich verhalten w\u00fcrde, dann k\u00e4men wir schon auf 0,3 Millionen Tonnen eingespartes CO<sub>2<\/sub>pro Jahr. Was diese Zahlen eindr\u00fccklich zeigen: Auch kleine Ersparnisse auf der individuellen Ebene k\u00f6nnen einen gro\u00dfen Beitrag liefern, wenn viele mitmachen.<\/p>\n\n\n\n<p><strong>Fazit:<\/strong>Auch wenn wir pers\u00f6nlich durch unseren schon vollzogenen Wechsel zu 100% \u00d6kostrom mit der Anschaffung unserer W\u00e4schespinne keinen direkten Erfolg in der weiteren Reduktion unseres CO<sub>2<\/sub>Fu\u00dfabdrucks verzeichnen k\u00f6nnen, so k\u00f6nnen wir damit dennoch zur allgemeinen Energieeinsparung beitragen. Gleichzeitig sparen wir Geld, welches wir wiederum an anderer Stelle f\u00fcr eine klima- und umweltfreundliche Lebensweise investieren k\u00f6nnen.<\/p>\n","protected":false},"excerpt":{"rendered":"<p>Heute widmen wir uns erneut der Reduktion unseres pers\u00f6nlichen CO2&nbsp;Fussabdrucks. \u00dcber den Wechsel zum gr\u00fcnen&nbsp;Strom&nbsp;haben wir bereits 0,375 t CO2&nbsp;pro Jahr und Person gespart, mit der Nutzung des&nbsp;Pedelecs&nbsp;kommen wir auf 0,19 t CO2&nbsp;pro Jahr und Person, \u00fcber die Umstellung unserer Ern\u00e4hrung schaffen wir 0,17 t CO2&nbsp;pro Jahr und Person. Insgesamt haben wir also bereits um &hellip; <\/p>\n<p class=\"link-more\"><a href=\"https:\/\/klimaandmore.de\/?p=913\" class=\"more-link\"><span class=\"screen-reader-text\">\u201eSonne und Wind als Trockner\u201c<\/span> weiterlesen<\/a><\/p>\n","protected":false},"author":4,"featured_media":0,"comment_status":"closed","ping_status":"closed","sticky":false,"template":"","format":"standard","meta":{"spay_email":"","jetpack_publicize_message":"","jetpack_is_tweetstorm":false,"jetpack_publicize_feature_enabled":true},"categories":[12],"tags":[],"jetpack_featured_media_url":"","jetpack_publicize_connections":[],"jetpack_sharing_enabled":true,"jetpack_shortlink":"https:\/\/wp.me\/paMwRu-eJ","_links":{"self":[{"href":"https:\/\/klimaandmore.de\/index.php?rest_route=\/wp\/v2\/posts\/913"}],"collection":[{"href":"https:\/\/klimaandmore.de\/index.php?rest_route=\/wp\/v2\/posts"}],"about":[{"href":"https:\/\/klimaandmore.de\/index.php?rest_route=\/wp\/v2\/types\/post"}],"author":[{"embeddable":true,"href":"https:\/\/klimaandmore.de\/index.php?rest_route=\/wp\/v2\/users\/4"}],"replies":[{"embeddable":true,"href":"https:\/\/klimaandmore.de\/index.php?rest_route=%2Fwp%2Fv2%2Fcomments&post=913"}],"version-history":[{"count":4,"href":"https:\/\/klimaandmore.de\/index.php?rest_route=\/wp\/v2\/posts\/913\/revisions"}],"predecessor-version":[{"id":2215,"href":"https:\/\/klimaandmore.de\/index.php?rest_route=\/wp\/v2\/posts\/913\/revisions\/2215"}],"wp:attachment":[{"href":"https:\/\/klimaandmore.de\/index.php?rest_route=%2Fwp%2Fv2%2Fmedia&parent=913"}],"wp:term":[{"taxonomy":"category","embeddable":true,"href":"https:\/\/klimaandmore.de\/index.php?rest_route=%2Fwp%2Fv2%2Fcategories&post=913"},{"taxonomy":"post_tag","embeddable":true,"href":"https:\/\/klimaandmore.de\/index.php?rest_route=%2Fwp%2Fv2%2Ftags&post=913"}],"curies":[{"name":"wp","href":"https:\/\/api.w.org\/{rel}","templated":true}]}}